{"id":35877,"date":"2020-01-02T11:58:01","date_gmt":"2020-01-02T09:58:01","guid":{"rendered":"http:\/\/bilbaogazte.bilbao.eus\/es\/?p=35877"},"modified":"2020-01-07T11:36:08","modified_gmt":"2020-01-07T09:36:08","slug":"segunda-jornada-de-imaginautak-este-mes-en-bilborock","status":"publish","type":"post","link":"https:\/\/bilbaogazte.bilbao.eus\/es\/2020\/01\/02\/segunda-jornada-de-imaginautak-este-mes-en-bilborock\/","title":{"rendered":"\u00a1Segunda jornada de Imaginautak este mes en Bilborock!"},"content":{"rendered":"<p><span style=\"font-weight: 400;\"><strong>La asociaci\u00f3n cultural Imaginautak celebra este mi\u00e9rcoles 8 de enero su segunda jornada en Bilborock<\/strong>. El evento dirigido a personas j\u00f3venes comenzar\u00e1 a las 19:30 y se enmarca dentro de la programaci\u00f3n de <a href=\"http:\/\/bilbaogazte.bilbao.eus\/es\/2019\/03\/01\/consulta-los-eventos-de-bilborock-gazte-egunak\/\">#BilborockGazteEgunak<\/a>. Si tienes un proyecto creativo, \u00a1ven a compartirlo!\u00a0<\/span><\/p>\n<p><span style=\"font-weight: 400;\">Durante dos horas, Imaginautak tiene la intenci\u00f3n de crear un punto de encuentro a \u201ccerebros efervescentes\u201d. En la jornada anterior, realizada a finales de 2019 tambi\u00e9n en Bilborock, hubo <strong>m\u00fasica, poes\u00eda, magia, artes marciales y exposiciones visuales<\/strong> de escultoras e ilustradoras.\u00a0<\/span><\/p>\n<p><span style=\"font-weight: 400;\">Imaginautak es una oportunidad perfecta para conocer a gente como t\u00fa. <strong>Las inscripciones para participar en el evento del mi\u00e9rcoles est\u00e1n abiertas<\/strong> y se pueden hacer a trav\u00e9s de <a href=\"info@imaginautak.eu\" target=\"_blank\" rel=\"noopener noreferrer\">este correo electr\u00f3nico<\/a>. Durante el evento se podr\u00e1n presentar y compartir todo tipo de disciplinas art\u00edsticas.\u00a0<\/span><\/p>\n<p><span style=\"font-weight: 400;\">Imaginautak sue\u00f1a y trabaja por ser una plataforma s\u00f3lida de encuentro de artistas, que crezca y evolucione a lo largo de los a\u00f1os y los eventos que se realicen. En este contexto, <strong>reivindica el lugar que a la mujer se le debe en el arte<\/strong> y que a menudo ha sido olvidado, y consolida un trampol\u00edn para mentes originales con muchas ganas de saltar.<\/span><\/p>\n","protected":false},"excerpt":{"rendered":"<p class=\"entry-summary\">La asociaci\u00f3n cultural Imaginautak celebra este mi\u00e9rcoles 8 de enero su segunda jornada en Bilborock. El evento dirigido&hellip;<\/p>\n<div class=\"link-more\"><a href=\"https:\/\/bilbaogazte.bilbao.eus\/es\/2020\/01\/02\/segunda-jornada-de-imaginautak-este-mes-en-bilborock\/\" class=\"more-link\">Continue reading<span class=\"screen-reader-text\"> &ldquo;\u00a1Segunda jornada de Imaginautak este mes en Bilborock!&rdquo;<\/span>&hellip;<\/a><\/div>","protected":false},"author":65,"featured_media":0,"comment_status":"closed","ping_status":"closed","sticky":false,"template":"","format":"standard","meta":{"_monsterinsights_skip_tracking":false,"_monsterinsights_sitenote_active":false,"_monsterinsights_sitenote_note":"","_monsterinsights_sitenote_category":0,"footnotes":""},"categories":[1],"tags":[341,992,480,355,460],"_links":{"self":[{"href":"https:\/\/bilbaogazte.bilbao.eus\/es\/wp-json\/wp\/v2\/posts\/35877"}],"collection":[{"href":"https:\/\/bilbaogazte.bilbao.eus\/es\/wp-json\/wp\/v2\/posts"}],"about":[{"href":"https:\/\/bilbaogazte.bilbao.eus\/es\/wp-json\/wp\/v2\/types\/post"}],"author":[{"embeddable":true,"href":"https:\/\/bilbaogazte.bilbao.eus\/es\/wp-json\/wp\/v2\/users\/65"}],"replies":[{"embeddable":true,"href":"https:\/\/bilbaogazte.bilbao.eus\/es\/wp-json\/wp\/v2\/comments?post=35877"}],"version-history":[{"count":4,"href":"https:\/\/bilbaogazte.bilbao.eus\/es\/wp-json\/wp\/v2\/posts\/35877\/revisions"}],"predecessor-version":[{"id":35909,"href":"https:\/\/bilbaogazte.bilbao.eus\/es\/wp-json\/wp\/v2\/posts\/35877\/revisions\/35909"}],"wp:attachment":[{"href":"https:\/\/bilbaogazte.bilbao.eus\/es\/wp-json\/wp\/v2\/media?parent=35877"}],"wp:term":[{"taxonomy":"category","embeddable":true,"href":"https:\/\/bilbaogazte.bilbao.eus\/es\/wp-json\/wp\/v2\/categories?post=35877"},{"taxonomy":"post_tag","embeddable":true,"href":"https:\/\/bilbaogazte.bilbao.eus\/es\/wp-json\/wp\/v2\/tags?post=35877"}],"curies":[{"name":"wp","href":"https:\/\/api.w.org\/{rel}","templated":true}]}}