{"id":40905,"date":"2020-12-04T11:43:46","date_gmt":"2020-12-04T09:43:46","guid":{"rendered":"http:\/\/bilbaogazte.bilbao.eus\/es\/?p=40905"},"modified":"2020-12-04T12:52:21","modified_gmt":"2020-12-04T10:52:21","slug":"imaginautak-se-celebrara-el-21-de-diciembre-en-bilborock","status":"publish","type":"post","link":"https:\/\/bilbaogazte.bilbao.eus\/es\/2020\/12\/04\/imaginautak-se-celebrara-el-21-de-diciembre-en-bilborock\/","title":{"rendered":"Imaginautak se celebrar\u00e1 el 21 de diciembre en Bilborock"},"content":{"rendered":"<p><span style=\"font-weight: 400;\">El pr\u00f3ximo 21 de diciembre, a las 18:00, se celebrar\u00e1 una nueva edici\u00f3n del encuentro Imaginautak en Bilborock. En esta ocasi\u00f3n, esta iniciativa contar\u00e1 con diferentes artistas de varios campos.<strong> La entrada ser\u00e1 gratuita hasta completar aforo<\/strong>.<\/span><\/p>\n<p><span style=\"font-weight: 400;\">A continuaci\u00f3n el listado de artistas que participar\u00e1n: <\/span><\/p>\n<ul>\n<li><span style=\"font-weight: 400;\">Belo, cantautor<\/span><\/li>\n<li><span style=\"font-weight: 400;\"> Iker Ipi\u00f1a, lectura po\u00e9tica<\/span><\/li>\n<li><span style=\"font-weight: 400;\">Deep Sea Monk, d\u00fao musical<\/span><\/li>\n<li><span style=\"font-weight: 400;\">Inkoherente, ilustrador<\/span><\/li>\n<li><span style=\"font-weight: 400;\">Amaia Santamaria y Alex G, cantautores<\/span><\/li>\n<li><span style=\"font-weight: 400;\"> Ane Aranguren, fot\u00f3grafa<\/span><\/li>\n<li><span style=\"font-weight: 400;\">Itziar Larrazabal, ilustradora y pintora<\/span><\/li>\n<li><span style=\"font-weight: 400;\">Mia Khalo, cantautora<\/span><\/li>\n<li><span style=\"font-weight: 400;\">Ane Andikoetxea, poeta<\/span><\/li>\n<li><span style=\"font-weight: 400;\">The Last Hidden Fox, cantautor<\/span><\/li>\n<li><span style=\"font-weight: 400;\">Krusack, d\u00fao musical femenino<\/span><\/li>\n<li><span style=\"font-weight: 400;\">Iker Serrano, fot\u00f3grafo<\/span><\/li>\n<li><span style=\"font-weight: 400;\">itor Gabiola e Iraitz Cordero, performance.<\/span><\/li>\n<\/ul>\n<p><span style=\"font-weight: 400;\"><strong>El proyecto Imaginautak empez\u00f3 con el objetivo de crear una comunidad, pero poco a poco se ha consolidado como evento<\/strong>. Multitud de artistas han participado en Imaginautak. Entre los que podemos destacar al cantautor The Last Hidden Fox y al artista visual, creador de cortos de animaci\u00f3n y ganador de premios internacionales, Jon Zurimendi, quienes se conocieron en uno de nuestros eventos y han grabado juntos el videoclip \u201cChasingNightmares\u201d disponible en Youtube.<\/span><\/p>\n<p><span style=\"font-weight: 400;\"> Tambi\u00e9n hemos contado con la poeta Ane Andikoetxea, la tatuadora due\u00f1a de su propio estudio en Abando Cynthia Cabero, el m\u00fasico Daniel Guantes, la ilustradora con libro reci\u00e9n publicado, P\u00e9talos impares Sara Villa, la escultora de cart\u00f3n Cova Orgaz, la fot\u00f3grafa Uxue Mart\u00edn o pr\u00f3ximamente, el conocido dibujante Inkoherente.<\/span><\/p>\n<p>M\u00e1s informaci\u00f3n <a href=\"https:\/\/www.instagram.com\/imaginautak\/\" target=\"_blank\" rel=\"noopener noreferrer\">aqu\u00ed<\/a>.<\/p>\n","protected":false},"excerpt":{"rendered":"<p class=\"entry-summary\">El pr\u00f3ximo 21 de diciembre, a las 18:00, se celebrar\u00e1 una nueva edici\u00f3n del encuentro Imaginautak en Bilborock.&hellip;<\/p>\n<div class=\"link-more\"><a href=\"https:\/\/bilbaogazte.bilbao.eus\/es\/2020\/12\/04\/imaginautak-se-celebrara-el-21-de-diciembre-en-bilborock\/\" class=\"more-link\">Continue reading<span class=\"screen-reader-text\"> &ldquo;Imaginautak se celebrar\u00e1 el 21 de diciembre en Bilborock&rdquo;<\/span>&hellip;<\/a><\/div>","protected":false},"author":65,"featured_media":0,"comment_status":"closed","ping_status":"closed","sticky":false,"template":"","format":"standard","meta":{"_monsterinsights_skip_tracking":false,"_monsterinsights_sitenote_active":false,"_monsterinsights_sitenote_note":"","_monsterinsights_sitenote_category":0,"footnotes":""},"categories":[50],"tags":[341,992,480,355,460],"_links":{"self":[{"href":"https:\/\/bilbaogazte.bilbao.eus\/es\/wp-json\/wp\/v2\/posts\/40905"}],"collection":[{"href":"https:\/\/bilbaogazte.bilbao.eus\/es\/wp-json\/wp\/v2\/posts"}],"about":[{"href":"https:\/\/bilbaogazte.bilbao.eus\/es\/wp-json\/wp\/v2\/types\/post"}],"author":[{"embeddable":true,"href":"https:\/\/bilbaogazte.bilbao.eus\/es\/wp-json\/wp\/v2\/users\/65"}],"replies":[{"embeddable":true,"href":"https:\/\/bilbaogazte.bilbao.eus\/es\/wp-json\/wp\/v2\/comments?post=40905"}],"version-history":[{"count":8,"href":"https:\/\/bilbaogazte.bilbao.eus\/es\/wp-json\/wp\/v2\/posts\/40905\/revisions"}],"predecessor-version":[{"id":40937,"href":"https:\/\/bilbaogazte.bilbao.eus\/es\/wp-json\/wp\/v2\/posts\/40905\/revisions\/40937"}],"wp:attachment":[{"href":"https:\/\/bilbaogazte.bilbao.eus\/es\/wp-json\/wp\/v2\/media?parent=40905"}],"wp:term":[{"taxonomy":"category","embeddable":true,"href":"https:\/\/bilbaogazte.bilbao.eus\/es\/wp-json\/wp\/v2\/categories?post=40905"},{"taxonomy":"post_tag","embeddable":true,"href":"https:\/\/bilbaogazte.bilbao.eus\/es\/wp-json\/wp\/v2\/tags?post=40905"}],"curies":[{"name":"wp","href":"https:\/\/api.w.org\/{rel}","templated":true}]}}