{"id":41993,"date":"2021-03-03T11:37:23","date_gmt":"2021-03-03T09:37:23","guid":{"rendered":"http:\/\/bilbaogazte.bilbao.eus\/es\/?p=41993"},"modified":"2021-03-03T18:05:11","modified_gmt":"2021-03-03T16:05:11","slug":"los-jovenes-aportan-sus-ideas-y-propuestas-para-la-ciudad-en-el-encuentro-con-el-alcalde","status":"publish","type":"post","link":"https:\/\/bilbaogazte.bilbao.eus\/es\/2021\/03\/03\/los-jovenes-aportan-sus-ideas-y-propuestas-para-la-ciudad-en-el-encuentro-con-el-alcalde\/","title":{"rendered":"Los j\u00f3venes aportan sus ideas y propuestas para la ciudad en el encuentro \u201cBilbao Hiri Gaztea\u201d"},"content":{"rendered":"<p>Los y las j\u00f3venes de Bilbao tienen claro el dibujo de la ciudad que desean. Apuestan por un entorno verde, espacios de encuentro al aire libre y protegidos, demandan m\u00e1s empleo y un acceso a la vivienda accesible, as\u00ed como una ciudad vanguardista en bienestar y sostenibilidad medioambiental. Estas son algunas de sus aportaciones destacadas durante el encuentro que mantuvieron 40 participantes, de entre 15 y 30 a\u00f1os, con el Alcalde de Bilbao, Juan Mar\u00eda Aburto, en Bilborock, dentro del <strong>proyecto\u00a0 \u201c<\/strong><strong>Bilbao Hiri Gaztea 2021-2023<\/strong>\u201d.<\/p>\n<p>Esta sesi\u00f3n de trabajo puso fin al <a href=\"https:\/\/www.bilbao.eus\/cs\/Satellite?c=BIO_Noticia_FA&amp;cid=1279204583755&amp;language=eu&amp;pageid=3000075248&amp;pagename=Bilbaonet%2FBIO_Noticia_FA%2FBIO_Noticia\">proceso participativo<\/a>\u00a0iniciado por el Ayuntamiento en el mes de enero con el objetivo de contrastar la<strong> idoneidad de los programas municipales en el \u00e1mbito juveni<\/strong>l con las necesidades y expectativas de las propias personas j\u00f3venes.<\/p>\n<p>Se trata de un proceso organizado en tres grupos de edad; de 15 a 18 a\u00f1os, de 19 a 23 y de 24 a 30 a\u00f1os. En cada uno de estos grupos las personas que han participado han abordado<strong> tem\u00e1ticas sobre juventud emancipada, juventud activa en cultura y deporte y, por \u00faltimo, el compromiso con temas como el voluntariado, medio ambiente o feminismo<\/strong>.<\/p>\n<p>A partir de ahora, la definici\u00f3n de la estrategia juvenil municipal entra en <strong>una\u00a0<span class=\"negrita\">nueva fase<\/span>; la del\u00a0<\/strong><span class=\"negrita\"><strong>an\u00e1lisis de los resultados y valoraciones<\/strong> para la redacci\u00f3n del documento final \u201c<span class=\"cursiva\">Bilbao Hiri Gaztea 2021-2023<\/span>\u201d<\/span>, que se presentar\u00e1 en los pr\u00f3ximos meses y guiar\u00e1 la actuaci\u00f3n municipal en el \u00e1mbito juvenil hasta el final del presente mandato.<\/p>\n<p>Si quieres saber m\u00e1s sobre este programa puedes consultar <a href=\"https:\/\/www.bilbao.eus\/cs\/Satellite?c=BIO_Noticia_FA&amp;cid=1279205446959&amp;language=es&amp;pageid=3000075248&amp;pagename=Bilbaonet%2FBIO_Noticia_FA%2FBIO_Noticia\">aqu\u00ed<\/a>.<\/p>\n","protected":false},"excerpt":{"rendered":"<p class=\"entry-summary\">Los y las j\u00f3venes de Bilbao tienen claro el dibujo de la ciudad que desean. Apuestan por un&hellip;<\/p>\n<div class=\"link-more\"><a href=\"https:\/\/bilbaogazte.bilbao.eus\/es\/2021\/03\/03\/los-jovenes-aportan-sus-ideas-y-propuestas-para-la-ciudad-en-el-encuentro-con-el-alcalde\/\" class=\"more-link\">Continue reading<span class=\"screen-reader-text\"> &ldquo;Los j\u00f3venes aportan sus ideas y propuestas para la ciudad en el encuentro \u201cBilbao Hiri Gaztea\u201d&rdquo;<\/span>&hellip;<\/a><\/div>","protected":false},"author":80,"featured_media":0,"comment_status":"closed","ping_status":"closed","sticky":false,"template":"","format":"standard","meta":{"_monsterinsights_skip_tracking":false,"_monsterinsights_sitenote_active":false,"_monsterinsights_sitenote_note":"","_monsterinsights_sitenote_category":0,"footnotes":""},"categories":[49],"tags":[],"_links":{"self":[{"href":"https:\/\/bilbaogazte.bilbao.eus\/es\/wp-json\/wp\/v2\/posts\/41993"}],"collection":[{"href":"https:\/\/bilbaogazte.bilbao.eus\/es\/wp-json\/wp\/v2\/posts"}],"about":[{"href":"https:\/\/bilbaogazte.bilbao.eus\/es\/wp-json\/wp\/v2\/types\/post"}],"author":[{"embeddable":true,"href":"https:\/\/bilbaogazte.bilbao.eus\/es\/wp-json\/wp\/v2\/users\/80"}],"replies":[{"embeddable":true,"href":"https:\/\/bilbaogazte.bilbao.eus\/es\/wp-json\/wp\/v2\/comments?post=41993"}],"version-history":[{"count":9,"href":"https:\/\/bilbaogazte.bilbao.eus\/es\/wp-json\/wp\/v2\/posts\/41993\/revisions"}],"predecessor-version":[{"id":42017,"href":"https:\/\/bilbaogazte.bilbao.eus\/es\/wp-json\/wp\/v2\/posts\/41993\/revisions\/42017"}],"wp:attachment":[{"href":"https:\/\/bilbaogazte.bilbao.eus\/es\/wp-json\/wp\/v2\/media?parent=41993"}],"wp:term":[{"taxonomy":"category","embeddable":true,"href":"https:\/\/bilbaogazte.bilbao.eus\/es\/wp-json\/wp\/v2\/categories?post=41993"},{"taxonomy":"post_tag","embeddable":true,"href":"https:\/\/bilbaogazte.bilbao.eus\/es\/wp-json\/wp\/v2\/tags?post=41993"}],"curies":[{"name":"wp","href":"https:\/\/api.w.org\/{rel}","templated":true}]}}