{"id":42041,"date":"2021-03-04T14:46:17","date_gmt":"2021-03-04T12:46:17","guid":{"rendered":"http:\/\/bilbaogazte.bilbao.eus\/es\/?p=42041"},"modified":"2021-03-04T14:46:17","modified_gmt":"2021-03-04T12:46:17","slug":"respira-arte-con-la-macroexposicion-soplo-arnasketa-saiakerak","status":"publish","type":"post","link":"https:\/\/bilbaogazte.bilbao.eus\/es\/2021\/03\/04\/respira-arte-con-la-macroexposicion-soplo-arnasketa-saiakerak\/","title":{"rendered":"Respira arte con la macroexposici\u00f3n \u00abSoplo-Arnasketa Saiakerak\u00bb"},"content":{"rendered":"<p>Hasta <strong>el pr\u00f3ximo 7 de abril<\/strong> podr\u00e1s disfrutar de la macroexposici\u00f3n \u201cSoplo &#8211; Arnasketa Saiakerak<em>\u201d<\/em> que muestra en cuatro escenarios de Bilbao los creativos trabajos de 25 artistas. Bajo los conceptos <strong>de ruina, cuerpo, casa y ciudad, <\/strong>25 estas y estos creadores han querido reflejar en sus obras lo <strong>que la pandemia ha supuesto en sus vidas cotidianas y como artistas.<\/strong><\/p>\n<p>Las obras estar\u00e1n expuestas en <strong>el edificio del Ensanche<\/strong>,\u00a0<strong>el Euskal Museoa-Museo Vasco<\/strong>;\u00a0<strong>el Yacimiento de la Plaza Coraz\u00f3n de Mar\u00eda\u00a0<\/strong>y el\u00a0<strong>Centro Municipal de Distrito de Abando. <\/strong>Mediante esta muestra conjunta los y las artistas participantes pretenden <strong>buscar potenciar las m\u00faltiples lecturas y resonancias<\/strong>, as\u00ed como conexiones que se dan entre los trabajos expuestos en cada espacio de la ciudad, siendo el hilo conductor conceptos como la casa, ciudad, ruina o el cuerpo humano.<\/p>\n<p>Esta iniciativa art\u00edsticas surgi\u00f3 de la convocatoria <strong>\u00abTras la tormenta\u00bb de la Fundaci\u00f3n Bilbao Arte Fundazioa<\/strong>, promovida en 2020 por el <strong>Ayuntamiento de Bilbao<\/strong> y cuyo objetivo era apoyar al sector art\u00edstico de Bizkaia ante el impacto de la Covid-19. Tras el plazo de presentaci\u00f3n de los trabajos, las obras seleccionadas son las que se exhiben en esta exposici\u00f3n.<\/p>\n<p>M\u00e1s informaci\u00f3n <a href=\"https:\/\/bilbaoarte.org\/cms\/wp-content\/uploads\/2021\/02\/Dossier-de-prensa-final.pdf\">aqu\u00ed.<\/a><\/p>\n<p>&nbsp;<\/p>\n","protected":false},"excerpt":{"rendered":"<p class=\"entry-summary\">Hasta el pr\u00f3ximo 7 de abril podr\u00e1s disfrutar de la macroexposici\u00f3n \u201cSoplo &#8211; Arnasketa Saiakerak\u201d que muestra en&hellip;<\/p>\n<div class=\"link-more\"><a href=\"https:\/\/bilbaogazte.bilbao.eus\/es\/2021\/03\/04\/respira-arte-con-la-macroexposicion-soplo-arnasketa-saiakerak\/\" class=\"more-link\">Continue reading<span class=\"screen-reader-text\"> &ldquo;Respira arte con la macroexposici\u00f3n \u00abSoplo-Arnasketa Saiakerak\u00bb&rdquo;<\/span>&hellip;<\/a><\/div>","protected":false},"author":80,"featured_media":0,"comment_status":"closed","ping_status":"closed","sticky":false,"template":"","format":"standard","meta":{"_monsterinsights_skip_tracking":false,"_monsterinsights_sitenote_active":false,"_monsterinsights_sitenote_note":"","_monsterinsights_sitenote_category":0,"footnotes":""},"categories":[50],"tags":[],"_links":{"self":[{"href":"https:\/\/bilbaogazte.bilbao.eus\/es\/wp-json\/wp\/v2\/posts\/42041"}],"collection":[{"href":"https:\/\/bilbaogazte.bilbao.eus\/es\/wp-json\/wp\/v2\/posts"}],"about":[{"href":"https:\/\/bilbaogazte.bilbao.eus\/es\/wp-json\/wp\/v2\/types\/post"}],"author":[{"embeddable":true,"href":"https:\/\/bilbaogazte.bilbao.eus\/es\/wp-json\/wp\/v2\/users\/80"}],"replies":[{"embeddable":true,"href":"https:\/\/bilbaogazte.bilbao.eus\/es\/wp-json\/wp\/v2\/comments?post=42041"}],"version-history":[{"count":5,"href":"https:\/\/bilbaogazte.bilbao.eus\/es\/wp-json\/wp\/v2\/posts\/42041\/revisions"}],"predecessor-version":[{"id":42103,"href":"https:\/\/bilbaogazte.bilbao.eus\/es\/wp-json\/wp\/v2\/posts\/42041\/revisions\/42103"}],"wp:attachment":[{"href":"https:\/\/bilbaogazte.bilbao.eus\/es\/wp-json\/wp\/v2\/media?parent=42041"}],"wp:term":[{"taxonomy":"category","embeddable":true,"href":"https:\/\/bilbaogazte.bilbao.eus\/es\/wp-json\/wp\/v2\/categories?post=42041"},{"taxonomy":"post_tag","embeddable":true,"href":"https:\/\/bilbaogazte.bilbao.eus\/es\/wp-json\/wp\/v2\/tags?post=42041"}],"curies":[{"name":"wp","href":"https:\/\/api.w.org\/{rel}","templated":true}]}}