{"id":42176,"date":"2021-03-05T12:25:27","date_gmt":"2021-03-05T10:25:27","guid":{"rendered":"http:\/\/bilbaogazte.bilbao.eus\/es\/?p=42176"},"modified":"2021-03-17T12:37:54","modified_gmt":"2021-03-17T10:37:54","slug":"diviertete-esta-semana-santa-con-gaztekluba","status":"publish","type":"post","link":"https:\/\/bilbaogazte.bilbao.eus\/es\/2021\/03\/05\/diviertete-esta-semana-santa-con-gaztekluba\/","title":{"rendered":"Divi\u00e9rtete esta Semana Santa con #GazteKLUBA"},"content":{"rendered":"<p>Cada vez falta menos para las vacaciones de Semana Santa, y si todav\u00eda est\u00e1s buscando un plan, esta es tu oportunidad. <strong>Con #GazteKLUBA, del 30 de marzo al 10 de abril, <\/strong>podr\u00e1s disfrutar de<strong> un plan lleno de actividades <\/strong>para celebrarlas <strong>en tu ciudad. <a href=\"https:\/\/bilbaogazte.bilbao.eus\/es\/gaztekluba-semana-santa-2021\/\">Aqu<\/a>\u00ed tienes toda la programaci\u00f3n.<\/strong><\/p>\n<p><strong>\u00a0<\/strong>La Semana Santa de este a\u00f1o ofrecer\u00e1, un a\u00f1o m\u00e1s, un programa especial con m\u00faltiples actividades. De este modo, el programa de ocio para <strong>j\u00f3venes de 12 a 17 a\u00f1os<\/strong> se completar\u00e1 con 19 actividades y 240 plazas. Ente las diferentes propuestas, puedes realizar<strong> actividades deportivas, acu\u00e1ticas, talleres y excursiones a lugares de inter\u00e9s cultural o art\u00edstico.<\/strong><\/p>\n<p>Las y los j\u00f3venes interesados <strong>pueden apuntarse a<\/strong> cualquiera de las actividades <strong>a partir del<\/strong> <strong>mi\u00e9rcoles,<\/strong> <strong>10 de marzo<\/strong>. Para participar es necesario tener el carnet gratuito #GazteKLUBA Txartela que se puede obtener tambi\u00e9n solicit\u00e1ndola en <a href=\"https:\/\/bilbaogazte.bilbao.eus\/es\/presentacion-gaztekluba\/\">la Web de Bilbao Gazte<\/a>.<\/p>\n<p><strong>Todas las actividades se desarrollar\u00e1n cumpliendo la normativa y las recomendaciones sanitarias para la prevenci\u00f3n del COVID-19. El programa puede variar si la situaci\u00f3n sanitaria as\u00ed lo recomendase o exigiese.<\/strong><\/p>\n<p>&nbsp;<\/p>\n","protected":false},"excerpt":{"rendered":"<p class=\"entry-summary\">Cada vez falta menos para las vacaciones de Semana Santa, y si todav\u00eda est\u00e1s buscando un plan, esta&hellip;<\/p>\n<div class=\"link-more\"><a href=\"https:\/\/bilbaogazte.bilbao.eus\/es\/2021\/03\/05\/diviertete-esta-semana-santa-con-gaztekluba\/\" class=\"more-link\">Continue reading<span class=\"screen-reader-text\"> &ldquo;Divi\u00e9rtete esta Semana Santa con #GazteKLUBA&rdquo;<\/span>&hellip;<\/a><\/div>","protected":false},"author":80,"featured_media":0,"comment_status":"closed","ping_status":"closed","sticky":false,"template":"","format":"standard","meta":{"_monsterinsights_skip_tracking":false,"_monsterinsights_sitenote_active":false,"_monsterinsights_sitenote_note":"","_monsterinsights_sitenote_category":0,"footnotes":""},"categories":[49],"tags":[],"_links":{"self":[{"href":"https:\/\/bilbaogazte.bilbao.eus\/es\/wp-json\/wp\/v2\/posts\/42176"}],"collection":[{"href":"https:\/\/bilbaogazte.bilbao.eus\/es\/wp-json\/wp\/v2\/posts"}],"about":[{"href":"https:\/\/bilbaogazte.bilbao.eus\/es\/wp-json\/wp\/v2\/types\/post"}],"author":[{"embeddable":true,"href":"https:\/\/bilbaogazte.bilbao.eus\/es\/wp-json\/wp\/v2\/users\/80"}],"replies":[{"embeddable":true,"href":"https:\/\/bilbaogazte.bilbao.eus\/es\/wp-json\/wp\/v2\/comments?post=42176"}],"version-history":[{"count":10,"href":"https:\/\/bilbaogazte.bilbao.eus\/es\/wp-json\/wp\/v2\/posts\/42176\/revisions"}],"predecessor-version":[{"id":42758,"href":"https:\/\/bilbaogazte.bilbao.eus\/es\/wp-json\/wp\/v2\/posts\/42176\/revisions\/42758"}],"wp:attachment":[{"href":"https:\/\/bilbaogazte.bilbao.eus\/es\/wp-json\/wp\/v2\/media?parent=42176"}],"wp:term":[{"taxonomy":"category","embeddable":true,"href":"https:\/\/bilbaogazte.bilbao.eus\/es\/wp-json\/wp\/v2\/categories?post=42176"},{"taxonomy":"post_tag","embeddable":true,"href":"https:\/\/bilbaogazte.bilbao.eus\/es\/wp-json\/wp\/v2\/tags?post=42176"}],"curies":[{"name":"wp","href":"https:\/\/api.w.org\/{rel}","templated":true}]}}