{"id":42241,"date":"2021-03-08T13:47:38","date_gmt":"2021-03-08T11:47:38","guid":{"rendered":"http:\/\/bilbaogazte.bilbao.eus\/es\/?p=42241"},"modified":"2021-03-08T14:47:21","modified_gmt":"2021-03-08T12:47:21","slug":"bilbao-rinde-tributo-a-todas-las-mujeres-que-trabajan-por-la-igualdad","status":"publish","type":"post","link":"https:\/\/bilbaogazte.bilbao.eus\/es\/2021\/03\/08\/bilbao-rinde-tributo-a-todas-las-mujeres-que-trabajan-por-la-igualdad\/","title":{"rendered":"Bilbao rinde tributo a la aportaci\u00f3n de las mujeres durante la crisis sanitaria"},"content":{"rendered":"<p>Hoy celebramos el D\u00eda Internacional de la Mujer y es por eso que el Ayuntamiento de Bilbao ha lanzado una campa\u00f1a que <strong>reconoce la aportaci\u00f3n a la vida social y econ\u00f3mica<\/strong> durante la<strong> pandemia del COVID-1<\/strong>9. El lema escogido para esta ocasi\u00f3n \u201c<span class=\"cursiva\"><span class=\"negrita\">Eta zu\u2026 nola moldatzen zara?\/Y t\u00fa\u2026 \u00bfc\u00f3mo lo est\u00e1s haciendo?<\/span><\/span>\u201d para<strong> incidir en las desigualdades y las dificultades<\/strong> a las que se han enfrentado las mujeres, y as\u00ed hacer un llamamiento a la corresponsabilidad social.<\/p>\n<p>En este marco, esta misma ma\u00f1ana , el <strong>Alcalde de Bilbao,\u00a0<span class=\"cursiva\"><span class=\"negrita\">Juan Mari Aburto<\/span><\/span><\/strong>, ha presidido esta ma\u00f1ana, la lectura en el Ayuntamiento de la <strong>Declaraci\u00f3n propuesta por la\u00a0<span class=\"subrayado\">Asociaci\u00f3n de Municipios Vascos-Eudel<\/span><\/strong>\u00a0con motivo del <strong>8 de marzo,\u00a0<span class=\"subrayado\">D\u00eda Internacional de las Mujeres<\/span>.<\/strong> En un acto institucional celebrado en el Sal\u00f3n \u00c1rabe, la Concejala de Igualdad,\u00a0<span class=\"negrita\">Nekane Alonso<\/span>, junto al resto de Portavoces de los partidos pol\u00edticos del Consistorio, han procedido a la lectura del manifiesto que lleva el t\u00edtulo de\u00a0<span class=\"cursiva\">\u201cCuidados en Igualdad. El papel de las mujeres durante la Pandemia y la Crisis Global de los cuidados\u201d<\/span>.<\/p>\n<p>Por otro lado, este pr\u00f3ximo <strong>mi\u00e9rcoles, 10 de marzo,<\/strong> se celebrar\u00e1 de la mano del Consistorio bilba\u00edno un interesante webinar que abordar\u00e1 con el t\u00edtulo, \u00abConciliaci\u00f3n corresponsable. Reto por la igualdad\u00bb la tarea de realizar un <strong>an\u00e1lisis y reflexi\u00f3n sobre los roles de g\u00e9nero y la<\/strong> <strong>conciliaci\u00f3n corresponsable desde una perspectiva feminista<\/strong>. La cita ser\u00e1 de 11:00 a 13:00 horas en la web del Ayuntamiento.\u00a0 Si est\u00e1s interesado\/a en esta sesi\u00f3n online, aqu\u00ed tienes toda la <a href=\"https:\/\/www.bilbao.eus\/cs\/Satellite\/infobilbao\/es\/noticias\/1279205392306\">informaci\u00f3n.<\/a><\/p>\n","protected":false},"excerpt":{"rendered":"<p class=\"entry-summary\">Hoy celebramos el D\u00eda Internacional de la Mujer y es por eso que el Ayuntamiento de Bilbao ha&hellip;<\/p>\n<div class=\"link-more\"><a href=\"https:\/\/bilbaogazte.bilbao.eus\/es\/2021\/03\/08\/bilbao-rinde-tributo-a-todas-las-mujeres-que-trabajan-por-la-igualdad\/\" class=\"more-link\">Continue reading<span class=\"screen-reader-text\"> &ldquo;Bilbao rinde tributo a la aportaci\u00f3n de las mujeres durante la crisis sanitaria&rdquo;<\/span>&hellip;<\/a><\/div>","protected":false},"author":80,"featured_media":0,"comment_status":"closed","ping_status":"closed","sticky":false,"template":"","format":"standard","meta":{"_monsterinsights_skip_tracking":false,"_monsterinsights_sitenote_active":false,"_monsterinsights_sitenote_note":"","_monsterinsights_sitenote_category":0,"footnotes":""},"categories":[50],"tags":[],"_links":{"self":[{"href":"https:\/\/bilbaogazte.bilbao.eus\/es\/wp-json\/wp\/v2\/posts\/42241"}],"collection":[{"href":"https:\/\/bilbaogazte.bilbao.eus\/es\/wp-json\/wp\/v2\/posts"}],"about":[{"href":"https:\/\/bilbaogazte.bilbao.eus\/es\/wp-json\/wp\/v2\/types\/post"}],"author":[{"embeddable":true,"href":"https:\/\/bilbaogazte.bilbao.eus\/es\/wp-json\/wp\/v2\/users\/80"}],"replies":[{"embeddable":true,"href":"https:\/\/bilbaogazte.bilbao.eus\/es\/wp-json\/wp\/v2\/comments?post=42241"}],"version-history":[{"count":6,"href":"https:\/\/bilbaogazte.bilbao.eus\/es\/wp-json\/wp\/v2\/posts\/42241\/revisions"}],"predecessor-version":[{"id":42287,"href":"https:\/\/bilbaogazte.bilbao.eus\/es\/wp-json\/wp\/v2\/posts\/42241\/revisions\/42287"}],"wp:attachment":[{"href":"https:\/\/bilbaogazte.bilbao.eus\/es\/wp-json\/wp\/v2\/media?parent=42241"}],"wp:term":[{"taxonomy":"category","embeddable":true,"href":"https:\/\/bilbaogazte.bilbao.eus\/es\/wp-json\/wp\/v2\/categories?post=42241"},{"taxonomy":"post_tag","embeddable":true,"href":"https:\/\/bilbaogazte.bilbao.eus\/es\/wp-json\/wp\/v2\/tags?post=42241"}],"curies":[{"name":"wp","href":"https:\/\/api.w.org\/{rel}","templated":true}]}}