{"id":45244,"date":"2021-06-07T12:17:47","date_gmt":"2021-06-07T10:17:47","guid":{"rendered":"https:\/\/bilbaogazte.bilbao.eus\/es\/?p=45244"},"modified":"2021-06-17T12:21:20","modified_gmt":"2021-06-17T10:21:20","slug":"bilbao-ciudad-universitaria-curso-de-verano","status":"publish","type":"post","link":"https:\/\/bilbaogazte.bilbao.eus\/es\/2021\/06\/07\/bilbao-ciudad-universitaria-curso-de-verano\/","title":{"rendered":"Bilbao, Ciudad Universitaria \u2013 CURSO DE VERANO"},"content":{"rendered":"<p>El Ayuntamiento de Bilbao junto con las cuatro universidades con representaci\u00f3n en la ciudad &#8211; UPV\/EHU, las Universidades de Deusto, Navarra y Mondrag\u00f3n-, el Centro Superior de Dise\u00f1o IED KUNSTHAL y el Centro Tecnol\u00f3gico Digipen ponen en marcha los primeros cursos de verano \u00ab<strong>Bilbao, Ciudad Universitaria<\/strong>\u00ab, que se celebrar\u00e1n del 17 de junio y hasta el 23 de julio en la Biblioteca Bidebarrieta, a excepci\u00f3n del organizado\u00a0por Digipen que se realizar\u00e1 en sus propias instalaciones de\u00a0Zorrotzaurre.<\/p>\n<p>El primero de los cursos ser\u00e1 el dedicado a \u201cEnerg\u00eda y ciudad, una discusi\u00f3n en torno a su aplicaci\u00f3n en Bilbao\u201d y organizado por la Universidad de Navarra. Le seguir\u00e1 el <strong>24 y 25 de julio<\/strong> el curso con el titulo \u201cMemoria, pasado industrial e imagen en la ciudad de Bilbao\u201d, organizado por la UPV\/EHU y la London College of Communication (UAL). Posteriormente, entre el <strong>1 y 2 de julio<\/strong> le llegar\u00e1 el turno a El sector del entretenimiento por dentro\u00bb, liderado por Digipen. El 8 y 9 de julio se abordar\u00e1 el curso\u00a0 \u201cDise\u00f1o de Producto y Silver Economy: ecolog\u00edas de acci\u00f3n\u201d, de la mano de <strong>IED Kunsthal<\/strong>\u00a0con la colaboraci\u00f3n de la\u00a0<strong>Chelsea College of Arts (UAL). <\/strong>Seguidamente le tocar\u00e1 el turno a<strong> \u201c<\/strong>An\u00e1lisis de datos y ciberseguridad. Dos \u00e1mbitos tecnol\u00f3gicos de vital importancia en la actualidad\u201d y el curso final se impartir\u00e1 el <strong>22 y 23 de julio<\/strong> a cargo de la\u00a0<strong>Universidad de Deusto<\/strong>\u00a0con \u201cLa ciudad inteligente en la era del Big Data\u201d.<\/p>\n<p>El objetivo de estos cursos ser\u00e1 convertir Bilbao en una Ciudad Universitaria, donde las personas j\u00f3venes puedan vivir, para estudiar y formarse, pero tambi\u00e9n para trabajar con empleos de calidad. Entre los diferentes temas que abordar\u00e1n destaca el concepto de <strong>Silver Economy<\/strong><strong>, sector estrat\u00e9gico de la econom\u00eda actual,<\/strong> que pr\u00e1cticamente en un movimiento social y se dirige a las personas mayores de 50 a\u00f1os las cuales presentan nuevas necesidades y oportunidades frente al problema demogr\u00e1fico.<\/p>\n<p><strong>Los cursos ser\u00e1n totalmente gratuitos,<\/strong> para llegar a toda la ciudadan\u00eda y<strong> con la posibilidad de poder acceder a ellos de forma on line. Asimismo, se impartir\u00e1n los jueves y viernes de los <\/strong><strong>meses de junio y julio<\/strong><strong>, en horario\u00a0<\/strong><strong>de 18:00 a 20:00 horas. El plazo para inscribirse en los cursos ya est\u00e1 abierto.<\/strong><\/p>\n<p>Para consultar m\u00e1s informaci\u00f3n y el programa visita\u00a0<a href=\"https:\/\/bit.ly\/3v0aVfJ\">esta p\u00e1gina<\/a>.<\/p>\n<p>&nbsp;<\/p>\n<p>&nbsp;<\/p>\n","protected":false},"excerpt":{"rendered":"<p class=\"entry-summary\">El Ayuntamiento de Bilbao junto con las cuatro universidades con representaci\u00f3n en la ciudad &#8211; UPV\/EHU, las Universidades&hellip;<\/p>\n<div class=\"link-more\"><a href=\"https:\/\/bilbaogazte.bilbao.eus\/es\/2021\/06\/07\/bilbao-ciudad-universitaria-curso-de-verano\/\" class=\"more-link\">Continue reading<span class=\"screen-reader-text\"> &ldquo;Bilbao, Ciudad Universitaria \u2013 CURSO DE VERANO&rdquo;<\/span>&hellip;<\/a><\/div>","protected":false},"author":80,"featured_media":0,"comment_status":"closed","ping_status":"closed","sticky":false,"template":"","format":"standard","meta":{"_monsterinsights_skip_tracking":false,"_monsterinsights_sitenote_active":false,"_monsterinsights_sitenote_note":"","_monsterinsights_sitenote_category":0,"footnotes":""},"categories":[50],"tags":[],"_links":{"self":[{"href":"https:\/\/bilbaogazte.bilbao.eus\/es\/wp-json\/wp\/v2\/posts\/45244"}],"collection":[{"href":"https:\/\/bilbaogazte.bilbao.eus\/es\/wp-json\/wp\/v2\/posts"}],"about":[{"href":"https:\/\/bilbaogazte.bilbao.eus\/es\/wp-json\/wp\/v2\/types\/post"}],"author":[{"embeddable":true,"href":"https:\/\/bilbaogazte.bilbao.eus\/es\/wp-json\/wp\/v2\/users\/80"}],"replies":[{"embeddable":true,"href":"https:\/\/bilbaogazte.bilbao.eus\/es\/wp-json\/wp\/v2\/comments?post=45244"}],"version-history":[{"count":4,"href":"https:\/\/bilbaogazte.bilbao.eus\/es\/wp-json\/wp\/v2\/posts\/45244\/revisions"}],"predecessor-version":[{"id":45488,"href":"https:\/\/bilbaogazte.bilbao.eus\/es\/wp-json\/wp\/v2\/posts\/45244\/revisions\/45488"}],"wp:attachment":[{"href":"https:\/\/bilbaogazte.bilbao.eus\/es\/wp-json\/wp\/v2\/media?parent=45244"}],"wp:term":[{"taxonomy":"category","embeddable":true,"href":"https:\/\/bilbaogazte.bilbao.eus\/es\/wp-json\/wp\/v2\/categories?post=45244"},{"taxonomy":"post_tag","embeddable":true,"href":"https:\/\/bilbaogazte.bilbao.eus\/es\/wp-json\/wp\/v2\/tags?post=45244"}],"curies":[{"name":"wp","href":"https:\/\/api.w.org\/{rel}","templated":true}]}}