{"id":45350,"date":"2021-06-11T16:19:07","date_gmt":"2021-06-11T14:19:07","guid":{"rendered":"https:\/\/bilbaogazte.bilbao.eus\/es\/?p=45350"},"modified":"2021-06-11T16:19:07","modified_gmt":"2021-06-11T14:19:07","slug":"el-programa-aukera-impulsa-a-jovenes-mujeres-cineastas","status":"publish","type":"post","link":"https:\/\/bilbaogazte.bilbao.eus\/es\/2021\/06\/11\/el-programa-aukera-impulsa-a-jovenes-mujeres-cineastas\/","title":{"rendered":"El programa Aukera impulsa a j\u00f3venes mujeres cineastas"},"content":{"rendered":"<p>El\u00a0<span class=\"negrita\"><strong>programa Aukera,<\/strong> dirigido a j\u00f3venes mujeres cineastas vascas,<\/span>\u00a0present\u00f3 el jueves, 10 de junio, su <span class=\"negrita\">primera edici\u00f3n en Bilbao<\/span>\u00a0<span class=\"negrita\"> La iniciativa consiste en un programa de mentor\u00edas orientado a<strong> creadoras de entre 18 y 35 a\u00f1os<\/strong> que les ofrece la oportunidad de <strong>producir un cortometraje, para la mayor\u00eda de ellas su primera oportunidad.<\/strong>\u00a0<\/span><\/p>\n<p><span class=\"negrita\">C<\/span>onvocada por la asociaci\u00f3n <a href=\"https:\/\/hemen.eus\/\">(H)emen<\/a>, cuenta con la colaboraci\u00f3n de <a href=\"https:\/\/www.zineuskadi.eu\/\">Zineuskadi<\/a>,\u00a0<a href=\"https:\/\/zinebi.eus\/\">ZINEBI<\/a> y <a href=\"https:\/\/www.kutxakultur.eus\/es\/\">Kutxakultur<\/a>, y ha comunicado ya los proyectos seleccionados para su primera edici\u00f3n. Estos cinco trabajos son <span class=\"negrita\">\u2018Azkena\u2019, de Ane In\u00e9s Landeta y Lorea Lyons; \u2018Prioridades\u2019, de Tamara Lucarini y Ana Angulo; \u2018Cuidado!\u2019, de Olaia Nogales y Lluc\u00eda Pla; \u2018Hemen bizi da maitasuna\u2019, de Enara Garc\u00eda y Ainhoa Olaso, y \u2018Pomo D\u2019oro\u2019, de Nerea Sciarra y Allende Grandmontagne<\/span>. Los equipos participar\u00e1n con sus proyectos en las mentor\u00edas de guion, direcci\u00f3n y producci\u00f3n, y recibir\u00e1n tambi\u00e9n un taller de perspectiva de g\u00e9nero.<\/p>\n<p>El calendario de las mentor\u00edas, ser\u00e1 el siguiente:<\/p>\n<ul>\n<li>\n<p class=\"alineadojustificado\"><strong><span class=\"cursiva\"><span class=\"negrita\">MENTOR\u00cdA DE GUION<\/span><\/span><\/strong><br \/>\n11, 12 y 13 de junio en Bilbao<br \/>\nMentoras:\u00a0<span class=\"cursiva\">Lara Izagirre y Ana Hormaetxea.<\/span><\/p>\n<\/li>\n<li>\n<p class=\"alineadojustificado\"><strong><span class=\"cursiva\"><span class=\"negrita\">MENTOR\u00cdA DE DIRECCI\u00d3N<\/span><\/span><\/strong><br \/>\n25, 26 y 27 de junio en Donostia<br \/>\nMentoras:\u00a0<span class=\"cursiva\">Maider Oleaga, Esti Urresola y Olatz Beobide.<\/span><\/p>\n<\/li>\n<li>\n<p class=\"alineadojustificado\"><strong><span class=\"cursiva\"><span class=\"negrita\">MENTOR\u00cdA DE PRODUCCI\u00d3N<\/span><\/span><\/strong><br \/>\n9, 10 y 11 de julio en Bilbao<br \/>\nMentoras:\u00a0<span class=\"cursiva\">Izaskun Arandia y Nahikari Ipi\u00f1a.<\/span><\/p>\n<\/li>\n<\/ul>\n<p>Al final del programa, <strong>las mentoras elegir\u00e1n dos proyectos<\/strong>, que se anunciar\u00e1n en noviembre en la gala de clausura de ZINEBI. Cada uno de los trabajos seleccionados recibir\u00e1 el premio Aukera, dotado con 3.000 euros, destinados a impulsar el desarrollo del cortometraje.<\/p>\n<p>M\u00e1s info<a href=\"https:\/\/hemen.eus\/\"> aqu\u00ed<\/a><\/p>\n","protected":false},"excerpt":{"rendered":"<p class=\"entry-summary\">El\u00a0programa Aukera, dirigido a j\u00f3venes mujeres cineastas vascas,\u00a0present\u00f3 el jueves, 10 de junio, su primera edici\u00f3n en Bilbao\u00a0&hellip;<\/p>\n<div class=\"link-more\"><a href=\"https:\/\/bilbaogazte.bilbao.eus\/es\/2021\/06\/11\/el-programa-aukera-impulsa-a-jovenes-mujeres-cineastas\/\" class=\"more-link\">Continue reading<span class=\"screen-reader-text\"> &ldquo;El programa Aukera impulsa a j\u00f3venes mujeres cineastas&rdquo;<\/span>&hellip;<\/a><\/div>","protected":false},"author":80,"featured_media":0,"comment_status":"closed","ping_status":"closed","sticky":false,"template":"","format":"standard","meta":{"_monsterinsights_skip_tracking":false,"_monsterinsights_sitenote_active":false,"_monsterinsights_sitenote_note":"","_monsterinsights_sitenote_category":0,"footnotes":""},"categories":[50],"tags":[],"_links":{"self":[{"href":"https:\/\/bilbaogazte.bilbao.eus\/es\/wp-json\/wp\/v2\/posts\/45350"}],"collection":[{"href":"https:\/\/bilbaogazte.bilbao.eus\/es\/wp-json\/wp\/v2\/posts"}],"about":[{"href":"https:\/\/bilbaogazte.bilbao.eus\/es\/wp-json\/wp\/v2\/types\/post"}],"author":[{"embeddable":true,"href":"https:\/\/bilbaogazte.bilbao.eus\/es\/wp-json\/wp\/v2\/users\/80"}],"replies":[{"embeddable":true,"href":"https:\/\/bilbaogazte.bilbao.eus\/es\/wp-json\/wp\/v2\/comments?post=45350"}],"version-history":[{"count":2,"href":"https:\/\/bilbaogazte.bilbao.eus\/es\/wp-json\/wp\/v2\/posts\/45350\/revisions"}],"predecessor-version":[{"id":45356,"href":"https:\/\/bilbaogazte.bilbao.eus\/es\/wp-json\/wp\/v2\/posts\/45350\/revisions\/45356"}],"wp:attachment":[{"href":"https:\/\/bilbaogazte.bilbao.eus\/es\/wp-json\/wp\/v2\/media?parent=45350"}],"wp:term":[{"taxonomy":"category","embeddable":true,"href":"https:\/\/bilbaogazte.bilbao.eus\/es\/wp-json\/wp\/v2\/categories?post=45350"},{"taxonomy":"post_tag","embeddable":true,"href":"https:\/\/bilbaogazte.bilbao.eus\/es\/wp-json\/wp\/v2\/tags?post=45350"}],"curies":[{"name":"wp","href":"https:\/\/api.w.org\/{rel}","templated":true}]}}