{"id":45415,"date":"2021-06-15T12:17:28","date_gmt":"2021-06-15T10:17:28","guid":{"rendered":"https:\/\/bilbaogazte.bilbao.eus\/es\/?p=45415"},"modified":"2021-06-15T12:17:28","modified_gmt":"2021-06-15T10:17:28","slug":"la-22a-edicion-de-bilboko-kalealdia-se-celebrara-del-28-de-junio-al-3-de-julio","status":"publish","type":"post","link":"https:\/\/bilbaogazte.bilbao.eus\/es\/2021\/06\/15\/la-22a-edicion-de-bilboko-kalealdia-se-celebrara-del-28-de-junio-al-3-de-julio\/","title":{"rendered":"La 22\u00aa edici\u00f3n de Bilboko Kalealdia se celebrar\u00e1 del 28 de junio al 3 de julio"},"content":{"rendered":"<p>Ya est\u00e1 lista la 22\u00ba edici\u00f3n \u00a0del\u00a0<strong>Festival de Teatro y de las Artes de la Calle Bilboko Kalealdia, que cada a\u00f1o organiza el Ayuntamiento de Bilbao, y que este a\u00f1o se celebrar\u00e1 del 28 de junio al 3 de julio<\/strong>. La programaci\u00f3n ser\u00e1 de calidad, diversa y pensada para todos los p\u00fablicos.<\/p>\n<p>El festival se podr\u00e1 ver en ocho escenarios distribuidos por la ciudad: en el parque Do\u00f1a Casilda, con seis ubicaciones; en la plaza Arriaga, en el Arenal, en el muelle del Arenal, en la Plaza del Gas, en los refugios del Arenal y en el Bizkaia Aretoa de la UPV\/EHU. Este a\u00f1o participar\u00e1n 28 compa\u00f1\u00edas internacionales, 12 vascas, con un total de 58 actuaciones. <strong>Podremos disfrutar de espect\u00e1culos de diferentes disciplinas: teatro de calle, circo, clown, danza, instalaciones art\u00edsticas y piezas de circo<\/strong>.<\/p>\n<p><strong>Todas las actuaciones ser\u00e1n gratuitas,<\/strong> previa reserva de localidad <a href=\"https:\/\/kulturabilbao.firebaseapp.com\/ciclo\/bilboko-kalealdia\">en este enlace<\/a> 48 horas antes de cada actuaci\u00f3n. Cada persona solo podr\u00e1 reservar un m\u00e1ximo de\u00a0<span class=\"negrita\">dos invitaciones<\/span> que podr\u00e1 llevar impresa o en cualquier dispositivo m\u00f3vil. Por otro lado, el espect\u00e1culo \u00abCalor\u00bb, de Jean Philippe Kikolas, ser\u00e1 el \u00fanico que tendr\u00e1 una propuesta de compra de entradas con un precio de 3 euros.<\/p>\n<p>Puedes consultar toda la programaci\u00f3n\u00a0<a href=\"https:\/\/bilbokokalealdia.eus\/\">aqu\u00ed.<\/a><\/p>\n","protected":false},"excerpt":{"rendered":"<p class=\"entry-summary\">Ya est\u00e1 lista la 22\u00ba edici\u00f3n \u00a0del\u00a0Festival de Teatro y de las Artes de la Calle Bilboko Kalealdia,&hellip;<\/p>\n<div class=\"link-more\"><a href=\"https:\/\/bilbaogazte.bilbao.eus\/es\/2021\/06\/15\/la-22a-edicion-de-bilboko-kalealdia-se-celebrara-del-28-de-junio-al-3-de-julio\/\" class=\"more-link\">Continue reading<span class=\"screen-reader-text\"> &ldquo;La 22\u00aa edici\u00f3n de Bilboko Kalealdia se celebrar\u00e1 del 28 de junio al 3 de julio&rdquo;<\/span>&hellip;<\/a><\/div>","protected":false},"author":80,"featured_media":0,"comment_status":"closed","ping_status":"closed","sticky":false,"template":"","format":"standard","meta":{"_monsterinsights_skip_tracking":false,"_monsterinsights_sitenote_active":false,"_monsterinsights_sitenote_note":"","_monsterinsights_sitenote_category":0,"footnotes":""},"categories":[50],"tags":[],"_links":{"self":[{"href":"https:\/\/bilbaogazte.bilbao.eus\/es\/wp-json\/wp\/v2\/posts\/45415"}],"collection":[{"href":"https:\/\/bilbaogazte.bilbao.eus\/es\/wp-json\/wp\/v2\/posts"}],"about":[{"href":"https:\/\/bilbaogazte.bilbao.eus\/es\/wp-json\/wp\/v2\/types\/post"}],"author":[{"embeddable":true,"href":"https:\/\/bilbaogazte.bilbao.eus\/es\/wp-json\/wp\/v2\/users\/80"}],"replies":[{"embeddable":true,"href":"https:\/\/bilbaogazte.bilbao.eus\/es\/wp-json\/wp\/v2\/comments?post=45415"}],"version-history":[{"count":2,"href":"https:\/\/bilbaogazte.bilbao.eus\/es\/wp-json\/wp\/v2\/posts\/45415\/revisions"}],"predecessor-version":[{"id":45422,"href":"https:\/\/bilbaogazte.bilbao.eus\/es\/wp-json\/wp\/v2\/posts\/45415\/revisions\/45422"}],"wp:attachment":[{"href":"https:\/\/bilbaogazte.bilbao.eus\/es\/wp-json\/wp\/v2\/media?parent=45415"}],"wp:term":[{"taxonomy":"category","embeddable":true,"href":"https:\/\/bilbaogazte.bilbao.eus\/es\/wp-json\/wp\/v2\/categories?post=45415"},{"taxonomy":"post_tag","embeddable":true,"href":"https:\/\/bilbaogazte.bilbao.eus\/es\/wp-json\/wp\/v2\/tags?post=45415"}],"curies":[{"name":"wp","href":"https:\/\/api.w.org\/{rel}","templated":true}]}}