{"id":46345,"date":"2021-09-27T14:52:28","date_gmt":"2021-09-27T12:52:28","guid":{"rendered":"https:\/\/bilbaogazte.bilbao.eus\/es\/?p=46345"},"modified":"2021-09-27T14:52:28","modified_gmt":"2021-09-27T12:52:28","slug":"el-festival-bad-que-se-celebra-del-14-al-24-de-octubre-ha-puesto-a-la-venta-sus-bonos","status":"publish","type":"post","link":"https:\/\/bilbaogazte.bilbao.eus\/es\/2021\/09\/27\/el-festival-bad-que-se-celebra-del-14-al-24-de-octubre-ha-puesto-a-la-venta-sus-bonos\/","title":{"rendered":"El festival BAD, que se celebra del 14 al 24 de octubre, ha puesto a la venta sus bonos"},"content":{"rendered":"<div class=\"dest-tit\">\n<ul>\n<li>\n<div class=\"dest-tit\">\n<ul>\n<li>El Festival saca a la venta los bonos para disfrutar de tres y cinco espect\u00e1culos. La cantidad de bonos ser\u00e1 limitada y podr\u00e1n canjearse del 5 al 10 de octubre.<\/li>\n<li>Los bonos tendr\u00e1n un precio de 20\u20ac para 3 funciones y de 30 \u20ac para 5 funciones.<\/li>\n<li><a href=\"https:\/\/badbilbao.eus\/\">BAD<\/a>\u00a0presenta tambi\u00e9n su cartel, dise\u00f1ado por el bilbaino\u00a0<span class=\"cursiva\"><strong>Karlos Mart\u00ednez B<\/strong><\/span>.<\/li>\n<\/ul>\n<p>&nbsp;<\/p>\n<\/div>\n<p><a href=\"https:\/\/badbilbao.eus\/\">BAD \u2013 Festival de Teatro y Danza Contempor\u00e1nea<\/a>, organizado por el Ayuntamiento de Bilbao, celebrar\u00e1 su XXIII edici\u00f3n\u00a0<strong>del jueves 14 al domingo 24 de octubre<\/strong>. As\u00ed, BAD llega este a\u00f1o cargado de propuestas de danza, artes vivas, teatro, instalaciones, performance y teatro documental que llenar\u00e1n Bilbao de vanguardia durante 10 d\u00edas.<\/p>\n<p>El Festival, cita imprescindible para amantes de las artes en vivo, tendr\u00e1 disponibles\u00a0<strong>a partir de ma\u00f1ana<\/strong>\u00a0<strong>bonos para tres y cinco espect\u00e1culos<\/strong>\u00a0y podr\u00e1n comprarse en la web del festival (<a href=\"https:\/\/badbilbao.eus\/\">www.badbilbao.eus<\/a>). La cantidad de bonos a la venta ser\u00e1 limitada y tendr\u00e1n un precio de 20\u20ac para 3 funciones y de 30 \u20ac para 5 funciones.<\/p>\n<p>Las\u00a0<strong>entradas para<\/strong>\u00a0los distintos espect\u00e1culos que podr\u00e1n disfrutarse en espacios como el\u00a0<strong>Teatro Campos, La Fundici\u00f3n, la Sala Bilborock, Harrobia y el Museo de Reproducciones\u00a0<\/strong>se podr\u00e1n a la venta<strong>\u00a0a partir de 5 de octubre\u00a0<\/strong>y tendr\u00e1n un precio 10 euros por espect\u00e1culo.<\/p>\n<p><strong>Los bonos se podr\u00e1n canjear por entradas<\/strong>\u00a0para distintos espect\u00e1culos o por entradas para que diferentes personas acudan a un mismo espect\u00e1culo. El canje de los bonos por entradas se podr\u00e1 hacer a partir del d\u00eda 5 de octubre y hasta el domingo 10 de octubre.<\/p>\n<p><span class=\"subrayado\"><strong>CARTEL DEL FESTIVAL<\/strong><\/span><\/p>\n<p><strong><a href=\"https:\/\/badbilbao.eus\/\">BAD<\/a>\u00a0presenta tambi\u00e9n el cartel de su nueva edici\u00f3n<\/strong>. En esta ocasi\u00f3n,\u00a0<strong>el dise\u00f1o es de Karlos Mart\u00ednez B, artista bilbaino interdisciplinar<\/strong>\u00a0que propone una imagen que \u201c<span class=\"cursiva\">juega con el movimiento desde una imagen bella y abstracta. Como si al ver los cuerpos en movimiento, la mente congelase un instante de ese acto. Una imagen que llama a ser mirada, aunque incite al movimiento y a que su observaci\u00f3n sea pausada.\u201d<\/span><\/p>\n<p><strong>Karlos Martinez<\/strong>\u00a0ha cursado estudios superiores de artes gr\u00e1ficas y dise\u00f1o, asi como de historia-geograf\u00eda. Ha recibido varias becas y premios realizando proyectos y exposiciones tanto individuales como colectivas en Euskadi, Europa y Latinoam\u00e9rica. Entre sus \u00faltimas muestras destacan las de Koldo Mitxelena Kulturgunea, Fundaci\u00f3n Bilbao Arte y La Casa encendida. En estas fechas ha presentado dentro del programa Babestu de Azkuna Zentroa (apoyo a la creaci\u00f3n contempor\u00e1nea) el proyecto PLAN, un espacio discontinuo dedicado a la creaci\u00f3n y presentaci\u00f3n de proyectos de arte desde el que explorar la simultainedad del ser f\u00edsico y el ser virtual.<\/p>\n<p><span class=\"subrayado\"><strong>REDES SOCIALES<\/strong><\/span>:<\/p>\n<ul>\n<li><strong>Bilbao Udala<\/strong>:\u00a0<a href=\"https:\/\/www.youtube.com\/channel\/UC0x8-vrWLFSpMR20wdApXgQ\">YOUTUBE<\/a>\u00a0|\u00a0<a href=\"https:\/\/es-es.facebook.com\/bilbao.udala\/\">FACEBOOK<\/a>\u00a0|\u00a0<a href=\"https:\/\/twitter.com\/bilbao_udala?ref_src=twsrc%5Egoogle%7Ctwcamp%5Eserp%7Ctwgr%5Eauthor\">TWITTER<\/a>\u00a0|\u00a0<a href=\"https:\/\/www.instagram.com\/bilbao_udala\/?hl=es\">INSTAGRAM<\/a><\/li>\n<li><strong>Bilbao Kultura<\/strong>:\u00a0<a href=\"https:\/\/www.youtube.com\/bilbaokultura\">YOUTUBE<\/a>\u00a0|\u00a0<a href=\"https:\/\/es-es.facebook.com\/BilbaoKultura\">FACEBOOK<\/a>\u00a0|\u00a0<a href=\"https:\/\/twitter.com\/BilbaoKultura?ref_src=twsrc%5Egoogle%7Ctwcamp%5Eserp%7Ctwgr%5Eauthor\">TWITTER<\/a>\u00a0|\u00a0<a href=\"https:\/\/www.instagram.com\/bilbaokultura\/?hl=es\">INSTAGRAM<\/a><\/li>\n<li><strong>BAD<\/strong>:\u00a0<a href=\"https:\/\/www.facebook.com\/BADbilbaoantzerkidantza\">FACEBOOK<\/a><\/li>\n<\/ul>\n<\/li>\n<\/ul>\n<\/div>\n","protected":false},"excerpt":{"rendered":"<p class=\"entry-summary\">El Festival saca a la venta los bonos para disfrutar de tres y cinco espect\u00e1culos. La cantidad de&hellip;<\/p>\n<div class=\"link-more\"><a href=\"https:\/\/bilbaogazte.bilbao.eus\/es\/2021\/09\/27\/el-festival-bad-que-se-celebra-del-14-al-24-de-octubre-ha-puesto-a-la-venta-sus-bonos\/\" class=\"more-link\">Continue reading<span class=\"screen-reader-text\"> &ldquo;El festival BAD, que se celebra del 14 al 24 de octubre, ha puesto a la venta sus bonos&rdquo;<\/span>&hellip;<\/a><\/div>","protected":false},"author":79,"featured_media":0,"comment_status":"closed","ping_status":"closed","sticky":false,"template":"","format":"standard","meta":{"_monsterinsights_skip_tracking":false,"_monsterinsights_sitenote_active":false,"_monsterinsights_sitenote_note":"","_monsterinsights_sitenote_category":0,"footnotes":""},"categories":[50],"tags":[],"_links":{"self":[{"href":"https:\/\/bilbaogazte.bilbao.eus\/es\/wp-json\/wp\/v2\/posts\/46345"}],"collection":[{"href":"https:\/\/bilbaogazte.bilbao.eus\/es\/wp-json\/wp\/v2\/posts"}],"about":[{"href":"https:\/\/bilbaogazte.bilbao.eus\/es\/wp-json\/wp\/v2\/types\/post"}],"author":[{"embeddable":true,"href":"https:\/\/bilbaogazte.bilbao.eus\/es\/wp-json\/wp\/v2\/users\/79"}],"replies":[{"embeddable":true,"href":"https:\/\/bilbaogazte.bilbao.eus\/es\/wp-json\/wp\/v2\/comments?post=46345"}],"version-history":[{"count":1,"href":"https:\/\/bilbaogazte.bilbao.eus\/es\/wp-json\/wp\/v2\/posts\/46345\/revisions"}],"predecessor-version":[{"id":46349,"href":"https:\/\/bilbaogazte.bilbao.eus\/es\/wp-json\/wp\/v2\/posts\/46345\/revisions\/46349"}],"wp:attachment":[{"href":"https:\/\/bilbaogazte.bilbao.eus\/es\/wp-json\/wp\/v2\/media?parent=46345"}],"wp:term":[{"taxonomy":"category","embeddable":true,"href":"https:\/\/bilbaogazte.bilbao.eus\/es\/wp-json\/wp\/v2\/categories?post=46345"},{"taxonomy":"post_tag","embeddable":true,"href":"https:\/\/bilbaogazte.bilbao.eus\/es\/wp-json\/wp\/v2\/tags?post=46345"}],"curies":[{"name":"wp","href":"https:\/\/api.w.org\/{rel}","templated":true}]}}