{"id":49212,"date":"2022-05-04T11:42:16","date_gmt":"2022-05-04T09:42:16","guid":{"rendered":"https:\/\/bilbaogazte.bilbao.eus\/es\/?p=49212"},"modified":"2022-05-04T11:54:29","modified_gmt":"2022-05-04T09:54:29","slug":"expo-bwall-collective-girls-en-dock","status":"publish","type":"post","link":"https:\/\/bilbaogazte.bilbao.eus\/es\/2022\/05\/04\/expo-bwall-collective-girls-en-dock\/","title":{"rendered":"EXPO BWALL COLLECTIVE \u201cGIRLS\u201d EN DOCK"},"content":{"rendered":"<p>La asociaci\u00f3n <strong>Bwall Collective<\/strong> organiza la <strong>exposici\u00f3n colectiva \u201cGIRLS\u201d<\/strong>, cuenta con ocho mujeres que utilizan distintas t\u00e9cnicas y diferentes formas de ver la realidad. La sala Dock quedar\u00e1 cubierta durante todo el mes de Mayo con dicha exposici\u00f3n.<\/p>\n<p><img loading=\"lazy\" decoding=\"async\" class=\"wp-image-49217 aligncenter\" src=\"http:\/\/bilbaogazte.bilbao.eus\/wp-content\/uploads\/2022\/05\/IMG_20220427_085214_198-872x872.jpeg\" alt=\"\" width=\"673\" height=\"673\" srcset=\"https:\/\/bilbaogazte.bilbao.eus\/wp-content\/uploads\/2022\/05\/IMG_20220427_085214_198-872x872.jpeg 872w, https:\/\/bilbaogazte.bilbao.eus\/wp-content\/uploads\/2022\/05\/IMG_20220427_085214_198-768x768.jpeg 768w, https:\/\/bilbaogazte.bilbao.eus\/wp-content\/uploads\/2022\/05\/IMG_20220427_085214_198-448x448.jpeg 448w, https:\/\/bilbaogazte.bilbao.eus\/wp-content\/uploads\/2022\/05\/IMG_20220427_085214_198.jpeg 1080w\" sizes=\"(max-width: 673px) 100vw, 673px\" \/><\/p>\n<p>El 7 de Mayo en horario de 19.00-24.00 se celebrar\u00e1 la inauguraci\u00f3n de la Expo, nos acompa\u00f1ar\u00e1n las artistas:<\/p>\n<ul>\n<li><strong>Rurru Mipanochia:<\/strong> Cyborg desechado a la tierra por error en su sistema operativo. Se desconoce d\u00f3nde habitaba anteriormente pero se tiene sospechas que cerca de la constelaci\u00f3n de Ori\u00f3n, o eso les quiere hacer creer para hacerse la interesante, et\u00e9rea. Su trabajo ha sido mostrado en diversos espacios de difusi\u00f3n tanto grupal como individualmente, en el National Museum of Mexican Art,Chicago, LACE, Los Angeles Contemporary Exhibitions, California\u2026.<\/li>\n<\/ul>\n<p>&nbsp;<\/p>\n<ul>\n<li><strong>Irene Ajamil:<\/strong> nacida en Logro\u00f1o, ha vivido en Barcelona y d\u00f3nde ha desarrollado sus proyectos de fotograf\u00eda, adem\u00e1s de dise\u00f1o. Esta exposici\u00f3n se titula Svegliarsi ( despertar) nace en marzo de 2020 durante la cuarentena como una herramienta o medio desfogue personal. Es un peque\u00f1o viaje a trav\u00e9s de su interior que inicia en ese punto de inflexi\u00f3n en el que quer\u00eda gritar, llorar, salir, correr y no pod\u00eda.<\/li>\n<\/ul>\n<p>&nbsp;<\/p>\n<ul>\n<li><strong>Mingomba:<\/strong> artista multidisciplinar originaria de Kinshasa afincada actualmente en Bilbao. Sus obras abarcan desde la fotograf\u00eda, pintura-escultura, escritos y performance. Sus l\u00edneas art\u00edsticas evocan de lo visceral, mostrando emociones m\u00e1s profundas y oscuras y desgarradoras y las desigualdades sociales desde su propia identidad como mujer, y como mujer negra.<\/li>\n<\/ul>\n<p>&nbsp;<\/p>\n<ul>\n<li><strong>Larhuka:<\/strong> Soy Lara, una peque\u00f1a loca emprendedora y este es mi peque\u00f1o proyecto de Ilustraci\u00f3n Larhuka. Hace 10 a\u00f1os que me rondaba en la cabeza crear algo relacionado con el arte y la moda pero nunca encontraba ni el momento ni la motivaci\u00f3n que necesitaba, y ha tenido que venir una pandemia mundial para reencontrarme con una de mis pasiones, la pintura.<\/li>\n<\/ul>\n<p>&nbsp;<\/p>\n<ul>\n<li><strong>Giss Laf\u00e9:<\/strong> es una artista pl\u00e1stica que reci\u00e9n empieza a salir de su cris\u00e1lida. De profesi\u00f3n dise\u00f1adora gr\u00e1fica, si bien ahora le ha dado m\u00e1s por explorar la creatividad desde la expresi\u00f3n m\u00e1s artesana, queriendo as\u00ed jugar con botes de colores, la purpurina, las texturas, plasmando un imaginario de fantas\u00eda, queriendo volver a esa forma de hacer m\u00e1s fresca y espont\u00e1nea, como cuando era una ni\u00f1a.<\/li>\n<\/ul>\n<p>&nbsp;<\/p>\n<ul>\n<li><strong>Clino art:<\/strong> Ilustradora, dibujante y retratista. Lisboeta con ra\u00edces maderenses, vive en Bilbao. ES licenciada en Bellas Artes en la Universidad de Lisboa y tiene un m\u00e1ster en conservaci\u00f3n y Exhibici\u00f3n de Arte contempor\u00e1neo por la Universidad del Pa\u00eds Vasco. Desde su atelier en Bilbao realiza todo tipo de dibujos, retratos e ilustraciones, tanto digitales como en acuarela y grafito. Tambi\u00e9n hace grabados en Lin\u00f3leo en series limitadas, y serigraf\u00eda en textil, adem\u00e1s de todo tipo de trabajos personalizados por encargo.<\/li>\n<\/ul>\n<p>&nbsp;<\/p>\n<ul>\n<li><strong>Mel:<\/strong> nacida en Girona, estudi\u00f3 Bellas Artes y fotograf\u00eda en Barcelona. Su trabajo son ilustraciones en formato digital, sobre lienzo y murales. Sus obras se caracterizan por su estilo cartoons de personajes ficticios rodeados de fantas\u00eda y color. Son vi\u00f1etas que quieren hacer part\u00edcipe al espectador de las aventuras de los personajes. Exterioriza su mundo interior y su visi\u00f3n del entorno con un toque inocente y de humor, desafiando lo racional desde una perspectiva personal.<\/li>\n<\/ul>\n<p>Para amenizar el evento tendremos un <strong>showcase<\/strong> con la artista <strong>Julieta Sol<\/strong> y una vinyl sesi\u00f3n a cargo de <strong>Txuck Turner<\/strong>, <strong>Belle Brown<\/strong> y <strong>Estrella Electr\u00f3nica<\/strong> con m\u00fasica Soul, Funk , Dance, Boogalo, Salsa, hiphop\u2026<\/p>\n<p>El objetivo de la asociaci\u00f3n es dar visibilidad a los artistas residentes en la localidad de Bilbao, alrededores , creando eventos culturales; de \u00e9sta forma se crean v\u00ednculos potentes entre artistas, espacios culturales, agentes culturales, espectadores\u2026..de esta forma tambi\u00e9n interact\u00faan artistas de distintas disciplinas dichas expos.<\/p>\n<p>La <strong>comisaria<\/strong> de la exposici\u00f3n es<strong> Olatz Arrese<\/strong>.<\/p>\n","protected":false},"excerpt":{"rendered":"<p class=\"entry-summary\">La asociaci\u00f3n Bwall Collective organiza la exposici\u00f3n colectiva \u201cGIRLS\u201d, cuenta con ocho mujeres que utilizan distintas t\u00e9cnicas y&hellip;<\/p>\n<div class=\"link-more\"><a href=\"https:\/\/bilbaogazte.bilbao.eus\/es\/2022\/05\/04\/expo-bwall-collective-girls-en-dock\/\" class=\"more-link\">Continue reading<span class=\"screen-reader-text\"> &ldquo;EXPO BWALL COLLECTIVE \u201cGIRLS\u201d EN DOCK&rdquo;<\/span>&hellip;<\/a><\/div>","protected":false},"author":79,"featured_media":0,"comment_status":"closed","ping_status":"closed","sticky":false,"template":"","format":"standard","meta":{"_monsterinsights_skip_tracking":false,"_monsterinsights_sitenote_active":false,"_monsterinsights_sitenote_note":"","_monsterinsights_sitenote_category":0,"footnotes":""},"categories":[50],"tags":[],"_links":{"self":[{"href":"https:\/\/bilbaogazte.bilbao.eus\/es\/wp-json\/wp\/v2\/posts\/49212"}],"collection":[{"href":"https:\/\/bilbaogazte.bilbao.eus\/es\/wp-json\/wp\/v2\/posts"}],"about":[{"href":"https:\/\/bilbaogazte.bilbao.eus\/es\/wp-json\/wp\/v2\/types\/post"}],"author":[{"embeddable":true,"href":"https:\/\/bilbaogazte.bilbao.eus\/es\/wp-json\/wp\/v2\/users\/79"}],"replies":[{"embeddable":true,"href":"https:\/\/bilbaogazte.bilbao.eus\/es\/wp-json\/wp\/v2\/comments?post=49212"}],"version-history":[{"count":2,"href":"https:\/\/bilbaogazte.bilbao.eus\/es\/wp-json\/wp\/v2\/posts\/49212\/revisions"}],"predecessor-version":[{"id":49220,"href":"https:\/\/bilbaogazte.bilbao.eus\/es\/wp-json\/wp\/v2\/posts\/49212\/revisions\/49220"}],"wp:attachment":[{"href":"https:\/\/bilbaogazte.bilbao.eus\/es\/wp-json\/wp\/v2\/media?parent=49212"}],"wp:term":[{"taxonomy":"category","embeddable":true,"href":"https:\/\/bilbaogazte.bilbao.eus\/es\/wp-json\/wp\/v2\/categories?post=49212"},{"taxonomy":"post_tag","embeddable":true,"href":"https:\/\/bilbaogazte.bilbao.eus\/es\/wp-json\/wp\/v2\/tags?post=49212"}],"curies":[{"name":"wp","href":"https:\/\/api.w.org\/{rel}","templated":true}]}}