{"id":50184,"date":"2022-09-29T10:59:52","date_gmt":"2022-09-29T08:59:52","guid":{"rendered":"https:\/\/bilbaogazte.bilbao.eus\/es\/?p=50184"},"modified":"2022-09-29T11:10:18","modified_gmt":"2022-09-29T09:10:18","slug":"tienes-una-idea-que-hace-bum","status":"publish","type":"post","link":"https:\/\/bilbaogazte.bilbao.eus\/es\/2022\/09\/29\/tienes-una-idea-que-hace-bum\/","title":{"rendered":"\u00bfTIENES UNA IDEA QUE HACE BUM?"},"content":{"rendered":"<p id=\"text_block-21-12\">\u00bfTienes entre 16 y 30 a\u00f1os, eres de Bizkaia y tienes inquietudes? Bieeen. Te estamos buscando. Cu\u00e9ntanos esa idea que tienes en mente, ese proyecto que tienes entre manos o ese \u201calgo\u201d que haya impactado positivamente en tu entorno. Gr\u00e1balo en un v\u00eddeo de menos de 3 minutos y m\u00e1ndanoslo. Puedes ganar 3.000 \u20ac.<\/p>\n<p>Los Premios BUM quieren <strong><em>reconocer, apoyar y promover la labor de las personas j\u00f3venes de Bizkaia<\/em>\u00a0<\/strong>con mayor potencial,\u00a0para contribuir al desarrollo econ\u00f3mico y social del Territorio mediante la generaci\u00f3n de impacto.<\/p>\n<p>Los premios tienen cinco categor\u00edas:\u00a0<strong><em>\u2018Bizkaia Saludable\u2019, \u2018Bizkaia Comprometida\u2019, \u2018Bizkaia Sostenible\u2019, Bizkaia Creativa\u2019 y \u2018Bizkaia Innovadora\u2019.<\/em><\/strong><\/p>\n<p>El plazo para presentar candidaturas finaliza el\u00a0<strong>31 de octubre de 2022<\/strong>.<\/p>\n<p>Si quer\u00e9is saber m\u00e1s,\u00a0pod\u00e9is encontrar\u00a0<a href=\"https:\/\/gazteak.bizkaia.eus\/es\/-\/bum-sariak-2022?redirectUrl=https:\/\/gazteak.bizkaia.eus\/eu\/deialdien-bilatzailea?p_p_id=BuscadorConvocatoriasCalendar_INSTANCE_DjXGsRPJI365=2659981=2659978=2659982=2659981=2659983=2659978=2659980=2659981=2659985=2659979=2659979=2659984=2659979&amp;page=https:\/\/gazteak.bizkaia.eus\/es\/-\/bum-sariak-2022?redirectUrl=https:\/\/gazteak.bizkaia.eus\/eu\/deialdien-bilatzailea?p_p_id=BuscadorConvocatoriasCalendar_INSTANCE_DjXGsRPJI365=2659981=2659978=2659982=2659981=2659983=2659978=2659980=2659981=2659985=2659979=2659979=2659984=2659979&amp;page=2\" target=\"_blank\" rel=\"noopener noreferrer\"><strong>aqu\u00ed<\/strong><\/a>\u00a0\u00a0informaci\u00f3n complementaria.<\/p>\n","protected":false},"excerpt":{"rendered":"<p class=\"entry-summary\">\u00bfTienes entre 16 y 30 a\u00f1os, eres de Bizkaia y tienes inquietudes? Bieeen. Te estamos buscando. Cu\u00e9ntanos esa&hellip;<\/p>\n<div class=\"link-more\"><a href=\"https:\/\/bilbaogazte.bilbao.eus\/es\/2022\/09\/29\/tienes-una-idea-que-hace-bum\/\" class=\"more-link\">Continue reading<span class=\"screen-reader-text\"> &ldquo;\u00bfTIENES UNA IDEA QUE HACE BUM?&rdquo;<\/span>&hellip;<\/a><\/div>","protected":false},"author":79,"featured_media":0,"comment_status":"closed","ping_status":"closed","sticky":false,"template":"","format":"standard","meta":{"_monsterinsights_skip_tracking":false,"_monsterinsights_sitenote_active":false,"_monsterinsights_sitenote_note":"","_monsterinsights_sitenote_category":0,"footnotes":""},"categories":[49],"tags":[],"_links":{"self":[{"href":"https:\/\/bilbaogazte.bilbao.eus\/es\/wp-json\/wp\/v2\/posts\/50184"}],"collection":[{"href":"https:\/\/bilbaogazte.bilbao.eus\/es\/wp-json\/wp\/v2\/posts"}],"about":[{"href":"https:\/\/bilbaogazte.bilbao.eus\/es\/wp-json\/wp\/v2\/types\/post"}],"author":[{"embeddable":true,"href":"https:\/\/bilbaogazte.bilbao.eus\/es\/wp-json\/wp\/v2\/users\/79"}],"replies":[{"embeddable":true,"href":"https:\/\/bilbaogazte.bilbao.eus\/es\/wp-json\/wp\/v2\/comments?post=50184"}],"version-history":[{"count":2,"href":"https:\/\/bilbaogazte.bilbao.eus\/es\/wp-json\/wp\/v2\/posts\/50184\/revisions"}],"predecessor-version":[{"id":50193,"href":"https:\/\/bilbaogazte.bilbao.eus\/es\/wp-json\/wp\/v2\/posts\/50184\/revisions\/50193"}],"wp:attachment":[{"href":"https:\/\/bilbaogazte.bilbao.eus\/es\/wp-json\/wp\/v2\/media?parent=50184"}],"wp:term":[{"taxonomy":"category","embeddable":true,"href":"https:\/\/bilbaogazte.bilbao.eus\/es\/wp-json\/wp\/v2\/categories?post=50184"},{"taxonomy":"post_tag","embeddable":true,"href":"https:\/\/bilbaogazte.bilbao.eus\/es\/wp-json\/wp\/v2\/tags?post=50184"}],"curies":[{"name":"wp","href":"https:\/\/api.w.org\/{rel}","templated":true}]}}