{"id":53632,"date":"2023-06-13T11:54:43","date_gmt":"2023-06-13T09:54:43","guid":{"rendered":"https:\/\/bilbaogazte.bilbao.eus\/es\/?p=53632"},"modified":"2023-06-13T12:06:54","modified_gmt":"2023-06-13T10:06:54","slug":"nationale-nederlanden-plogging-tour-el-deporte-tiene-un-papel-clave-en-la-transicion-ecologica-y-en-la-implementacion-de-los-ods-en-euskadi","status":"publish","type":"post","link":"https:\/\/bilbaogazte.bilbao.eus\/es\/2023\/06\/13\/nationale-nederlanden-plogging-tour-el-deporte-tiene-un-papel-clave-en-la-transicion-ecologica-y-en-la-implementacion-de-los-ods-en-euskadi\/","title":{"rendered":"NATIONALE-NEDERLANDEN PLOGGING TOUR: EL DEPORTE TIENE UN PAPEL CLAVE EN LA TRANSICI\u00d3N ECOL\u00d3GICA Y EN LA IMPLEMENTACI\u00d3N DE LOS ODS EN EUSKADI"},"content":{"rendered":"<p><strong><span dir=\"ltr\" role=\"presentation\">Vuelve<\/span> <span dir=\"ltr\" role=\"presentation\">a Euskadi<\/span> <span dir=\"ltr\" role=\"presentation\">el<\/span> <span dir=\"ltr\" role=\"presentation\">Nationale<\/span><span dir=\"ltr\" role=\"presentation\">&#8211;<\/span><span dir=\"ltr\" role=\"presentation\">Nederlanden<\/span> <span dir=\"ltr\" role=\"presentation\">Plogging Tour<\/span><span dir=\"ltr\" role=\"presentation\">, la primera gira en Europa<\/span> <span dir=\"ltr\" role=\"presentation\">que <\/span><\/strong><strong><span dir=\"ltr\" role=\"presentation\">fu<\/span><span dir=\"ltr\" role=\"presentation\">siona deporte, medio ambiente y acci\u00f3n social<\/span><span dir=\"ltr\" role=\"presentation\">.<\/span> <span dir=\"ltr\" role=\"presentation\">Lo har\u00e1 en la ciudad de<\/span> <span dir=\"ltr\" role=\"presentation\">Bilbao, este <\/span><\/strong><strong><span dir=\"ltr\" role=\"presentation\">domingo 18<\/span> <span dir=\"ltr\" role=\"presentation\">de junio, con varios circuitos y un programa de actividades<\/span><span dir=\"ltr\" role=\"presentation\">,<\/span> <span dir=\"ltr\" role=\"presentation\">durante<\/span> <span dir=\"ltr\" role=\"presentation\">toda<\/span> <span dir=\"ltr\" role=\"presentation\">la <\/span><\/strong><strong><span dir=\"ltr\" role=\"presentation\">ma\u00f1ana<\/span> <span dir=\"ltr\" role=\"presentation\">y<\/span> <span dir=\"ltr\" role=\"presentation\">para todas las edades<\/span><span dir=\"ltr\" role=\"presentation\">,<\/span> <span dir=\"ltr\" role=\"presentation\">con<\/span> <span dir=\"ltr\" role=\"presentation\">salida desde<\/span> <span dir=\"ltr\" role=\"presentation\">el Parque del Funicular de Artxanda.<\/span><\/strong><\/p>\n<p><strong><span dir=\"ltr\" role=\"presentation\">La jornada<\/span><span dir=\"ltr\" role=\"presentation\">,<\/span> <span dir=\"ltr\" role=\"presentation\">que<\/span> <span dir=\"ltr\" role=\"presentation\">cuenta con la certificaci\u00f3n<\/span> <span dir=\"ltr\" role=\"presentation\">Erronka Garbia promovid<\/span><span dir=\"ltr\" role=\"presentation\">a por la sociedad <\/span><\/strong><strong><span dir=\"ltr\" role=\"presentation\">p\u00fablica Ihobe,<\/span> <span dir=\"ltr\" role=\"presentation\">quien<\/span> <span dir=\"ltr\" role=\"presentation\">reconoce<\/span> <span dir=\"ltr\" role=\"presentation\">que en la organizaci\u00f3n<\/span> <span dir=\"ltr\" role=\"presentation\">del<\/span> <span dir=\"ltr\" role=\"presentation\">evento<\/span> <span dir=\"ltr\" role=\"presentation\">se han integrado medidas <\/span><\/strong><strong><span dir=\"ltr\" role=\"presentation\">ambientales<\/span> <span dir=\"ltr\" role=\"presentation\">en el<\/span> <span dir=\"ltr\" role=\"presentation\">dise\u00f1o y organizaci\u00f3n para minimizar los potenciales impactos <\/span><\/strong><strong><span dir=\"ltr\" role=\"presentation\">negativos sobre el medio ambiente asoci<\/span><span dir=\"ltr\" role=\"presentation\">ados a la celebraci\u00f3n del mismo<\/span><span dir=\"ltr\" role=\"presentation\">,<\/span> <span dir=\"ltr\" role=\"presentation\">contribuye<\/span> <span dir=\"ltr\" role=\"presentation\">de <\/span><\/strong><strong><span dir=\"ltr\" role=\"presentation\">una manera<\/span> <span dir=\"ltr\" role=\"presentation\">activa y<\/span> <span dir=\"ltr\" role=\"presentation\">participativa,<\/span> <span dir=\"ltr\" role=\"presentation\">a<\/span> <span dir=\"ltr\" role=\"presentation\">sensibilizar<\/span> <span dir=\"ltr\" role=\"presentation\">a trav\u00e9s del deporte y de la actividad f\u00edsica <\/span><\/strong><strong><span dir=\"ltr\" role=\"presentation\">al aire libre<\/span><span dir=\"ltr\" role=\"presentation\">, en tor<\/span><span dir=\"ltr\" role=\"presentation\">no a la importancia de<\/span> <span dir=\"ltr\" role=\"presentation\">mantener unos h\u00e1bitos de vida saludables<\/span> <span dir=\"ltr\" role=\"presentation\">y <\/span><\/strong><strong><span dir=\"ltr\" role=\"presentation\">sostenibles,<\/span> <span dir=\"ltr\" role=\"presentation\">dando a conocer los principios de<\/span> <span dir=\"ltr\" role=\"presentation\">la econom\u00eda<\/span> <span dir=\"ltr\" role=\"presentation\">verde<\/span> <span dir=\"ltr\" role=\"presentation\">e<\/span> <span dir=\"ltr\" role=\"presentation\">implementando <\/span><\/strong><strong><span dir=\"ltr\" role=\"presentation\">soluciones que pongan fin a la contaminaci\u00f3n<\/span> <span dir=\"ltr\" role=\"presentation\">de los espacios naturales<\/span> <span dir=\"ltr\" role=\"presentation\">a trav\u00e9s de la <\/span><\/strong><strong><span dir=\"ltr\" role=\"presentation\">acci\u00f3n colectiva.<\/span><\/strong><\/p>\n<p><span dir=\"ltr\" role=\"presentation\">Euskadi<\/span> <span dir=\"ltr\" role=\"presentation\">est\u00e1 considerado a nivel estatal y europeo una comunidad con un <\/span><span dir=\"ltr\" role=\"presentation\">gran<\/span> <span dir=\"ltr\" role=\"presentation\">liderazgo y compromiso<\/span> <span dir=\"ltr\" role=\"presentation\">con el desarrollo sostenible,<\/span> <span dir=\"ltr\" role=\"presentation\">haciendo<\/span> <span dir=\"ltr\" role=\"presentation\">una apuesta estrat\u00e9gica <\/span><span dir=\"ltr\" role=\"presentation\">desde hace m\u00e1s de 20 a\u00f1os,<\/span> <span dir=\"ltr\" role=\"presentation\">por fomentar y activar<\/span> <span dir=\"ltr\" role=\"presentation\">de manera transversal<\/span> <span dir=\"ltr\" role=\"presentation\">la<\/span> <span dir=\"ltr\" role=\"presentation\">partic<\/span><span dir=\"ltr\" role=\"presentation\">ipaci\u00f3n de las <\/span><span dir=\"ltr\" role=\"presentation\">entidades<\/span> <span dir=\"ltr\" role=\"presentation\">locales,<\/span> <span dir=\"ltr\" role=\"presentation\">y<\/span> <span dir=\"ltr\" role=\"presentation\">la<\/span> <span dir=\"ltr\" role=\"presentation\">colaboraci\u00f3n<\/span> <span dir=\"ltr\" role=\"presentation\">entre<\/span> <span dir=\"ltr\" role=\"presentation\">instituciones<\/span> <span dir=\"ltr\" role=\"presentation\">p\u00fablicas,<\/span> <span dir=\"ltr\" role=\"presentation\">empresas<\/span> <span dir=\"ltr\" role=\"presentation\">privadas<\/span> <span dir=\"ltr\" role=\"presentation\">y <\/span><span dir=\"ltr\" role=\"presentation\">organizaciones no gubernamentales para abordar<\/span> <span dir=\"ltr\" role=\"presentation\">muy especialmente<\/span> <span dir=\"ltr\" role=\"presentation\">los desaf\u00edos ambientales<\/span><span dir=\"ltr\" role=\"presentation\">, <\/span><span dir=\"ltr\" role=\"presentation\">as\u00ed c<\/span><span dir=\"ltr\" role=\"presentation\">omo realizando actividades de sensibilizaci\u00f3n y divu<\/span><span dir=\"ltr\" role=\"presentation\">lgaci\u00f3n para concienciar sobre la <\/span><span dir=\"ltr\" role=\"presentation\">importancia de la protecci\u00f3n del<\/span> <span dir=\"ltr\" role=\"presentation\">patrimonio natural y la biodiversidad.<\/span><\/p>\n<p><br role=\"presentation\" \/><span dir=\"ltr\" role=\"presentation\">E<\/span><span dir=\"ltr\" role=\"presentation\">n el marco de la contribuci\u00f3n Vasca a la Agenda 2030 para el Desarrollo Sostenible<\/span><span dir=\"ltr\" role=\"presentation\">, por tercer <\/span><span dir=\"ltr\" role=\"presentation\">a\u00f1o consecutivo, y con el apoyo d<\/span><span dir=\"ltr\" role=\"presentation\">el Ayuntamiento de Bi<\/span><span dir=\"ltr\" role=\"presentation\">lbao, la Secretar\u00eda General de Transici\u00f3n <\/span><span dir=\"ltr\" role=\"presentation\">Social y Agenda 2030 del Gobierno Vasco y el Consejo Superior de Deportes (CSD),<\/span> <span dir=\"ltr\" role=\"presentation\">Nationale<\/span><span dir=\"ltr\" role=\"presentation\">&#8211; <\/span><span dir=\"ltr\" role=\"presentation\">Nederlanden Plogging Tour Euskadi, bajo el lema \u201cHaz Deporte por el Planeta\u201d \u201cEgin Kirola <\/span><span dir=\"ltr\" role=\"presentation\">Planetaren Alde\u201d<\/span> <span dir=\"ltr\" role=\"presentation\">concentrar\u00e1 a<\/span> <span dir=\"ltr\" role=\"presentation\">ce<\/span><span dir=\"ltr\" role=\"presentation\">ntenares de participantes<\/span> <span dir=\"ltr\" role=\"presentation\">que<\/span> <span dir=\"ltr\" role=\"presentation\">podr\u00e1<\/span><span dir=\"ltr\" role=\"presentation\">n<\/span> <span dir=\"ltr\" role=\"presentation\">elegir uno de los tres <\/span><span dir=\"ltr\" role=\"presentation\">circuitos de entre 2 y 11 kil\u00f3metros por el Anillo Verde<\/span> <span dir=\"ltr\" role=\"presentation\">que combinan la actividad deportiva y la <\/span><span dir=\"ltr\" role=\"presentation\">recogida de los residuos que se encuentran en el camino<\/span><span dir=\"ltr\" role=\"presentation\">,<\/span> <span dir=\"ltr\" role=\"presentation\">y<\/span> <span dir=\"ltr\" role=\"presentation\">disfrutar de<\/span> <span dir=\"ltr\" role=\"presentation\">un<\/span> <span dir=\"ltr\" role=\"presentation\">programa<\/span> <span dir=\"ltr\" role=\"presentation\">repleto<\/span> <span dir=\"ltr\" role=\"presentation\">de <\/span><span dir=\"ltr\" role=\"presentation\">act<\/span><span dir=\"ltr\" role=\"presentation\">ividades<\/span> <span dir=\"ltr\" role=\"presentation\">que<\/span> <span dir=\"ltr\" role=\"presentation\">incluye<\/span><span dir=\"ltr\" role=\"presentation\">,<\/span> <span dir=\"ltr\" role=\"presentation\">clases de fitness y zumba,<\/span> <span dir=\"ltr\" role=\"presentation\">talleres de arte<\/span><span dir=\"ltr\" role=\"presentation\">, reutilizaci\u00f3n y<\/span> <span dir=\"ltr\" role=\"presentation\">reciclaje<\/span> <span dir=\"ltr\" role=\"presentation\">con <\/span><span dir=\"ltr\" role=\"presentation\">residuos<\/span> <span dir=\"ltr\" role=\"presentation\">textiles,<\/span> <span dir=\"ltr\" role=\"presentation\">pl\u00e1sticos y de cart\u00f3n,<\/span> <span dir=\"ltr\" role=\"presentation\">una zona para<\/span> <span dir=\"ltr\" role=\"presentation\">de<\/span><span dir=\"ltr\" role=\"presentation\">scubrir la biodiversidad local<\/span> <span dir=\"ltr\" role=\"presentation\">a trav\u00e9s <\/span><span dir=\"ltr\" role=\"presentation\">de tecnolog\u00eda de Realidad<\/span> <span dir=\"ltr\" role=\"presentation\">Virtual<\/span><span dir=\"ltr\" role=\"presentation\">, juegos colaborativos para<\/span> <span dir=\"ltr\" role=\"presentation\">los m\u00e1s peque\u00f1os y<\/span> <span dir=\"ltr\" role=\"presentation\">una pista <\/span><span dir=\"ltr\" role=\"presentation\">deportiva<\/span> <span dir=\"ltr\" role=\"presentation\">donde Euskadi Quidditch,<\/span> <span dir=\"ltr\" role=\"presentation\">asociaci\u00f3n cultural no lucrativa que<\/span> <span dir=\"ltr\" role=\"presentation\">fomenta la disciplina <\/span><span dir=\"ltr\" role=\"presentation\">del quidditch en el territorio hist\u00f3rico vasco,<\/span> <span dir=\"ltr\" role=\"presentation\">realizar\u00e1 una<\/span> <span dir=\"ltr\" role=\"presentation\">masterclass y<\/span> <span dir=\"ltr\" role=\"presentation\">exhibici\u00f3n deportiva.<\/span><\/p>\n<p><br role=\"presentation\" \/><strong><span dir=\"ltr\" role=\"presentation\">Las plazas son limitadas <\/span><\/strong><span dir=\"ltr\" role=\"presentation\">y t<\/span><span dir=\"ltr\" role=\"presentation\">odos<\/span><span dir=\"ltr\" role=\"presentation\">los ciudadanos, empresas<\/span><span dir=\"ltr\" role=\"presentation\">, asociaciones<\/span> <span dir=\"ltr\" role=\"presentation\">y clubes<\/span> <span dir=\"ltr\" role=\"presentation\">que quieran <\/span><span dir=\"ltr\" role=\"presentation\">participar en la actividad<\/span> <span dir=\"ltr\" role=\"presentation\">del<strong> 18 de junio<\/strong><\/span><span dir=\"ltr\" role=\"presentation\">,<\/span> <span dir=\"ltr\" role=\"presentation\">pueden formalizar<\/span> <span dir=\"ltr\" role=\"presentation\">su inscripci\u00f3n<\/span> <span dir=\"ltr\" role=\"presentation\">a la jornada<\/span> <span dir=\"ltr\" role=\"presentation\">del <\/span><span dir=\"ltr\" role=\"presentation\">pr\u00f3ximo<\/span> <span dir=\"ltr\" role=\"presentation\">domingo. El precio es entre los 5<strong>\u20ac para adultos y 1\u20ac los ni\u00f1os<\/strong>, y el <strong>100% de la <\/strong><\/span><span dir=\"ltr\" role=\"presentation\"><strong>recaudaci\u00f3n<\/strong> va<\/span> <span dir=\"ltr\" role=\"presentation\">desti<\/span><span dir=\"ltr\" role=\"presentation\">nado a fines solidario sociales para entidades como el Banco de Alimentos <\/span><span dir=\"ltr\" role=\"presentation\">de Vizcaya.<\/span><\/p>\n<p><br role=\"presentation\" \/><span dir=\"ltr\" role=\"presentation\">El evento<\/span> <span dir=\"ltr\" role=\"presentation\">que ha sido reconocido con el Premio Fitur Next y El Corredor, cuenta<\/span> <span dir=\"ltr\" role=\"presentation\">con la <\/span><span dir=\"ltr\" role=\"presentation\">colaboraci\u00f3n<\/span> <span dir=\"ltr\" role=\"presentation\">de<\/span> <span dir=\"ltr\" role=\"presentation\">Ihobe, del <\/span><span dir=\"ltr\" role=\"presentation\">Consejo Vasco de la Juventud, de<\/span> <span dir=\"ltr\" role=\"presentation\">Decathlon<\/span><span dir=\"ltr\" role=\"presentation\">,<\/span> <span dir=\"ltr\" role=\"presentation\">entida<\/span><span dir=\"ltr\" role=\"presentation\">d que celebra 10 a\u00f1os del Voluntariado Ambiental con el compromiso de proteger la biodiversidad, de la isla de Ibiza, de supermercados Veritas, de la comunidad Ec\u00f3latras by Ecovidrio y de Garmin como reloj oficial.<\/span><\/p>\n<p><span dir=\"ltr\" role=\"presentation\"><br role=\"presentation\" \/>Desde 2019, m\u00e1s de 49.000 kilos de residuos han sido recuperados gracias a la participaci\u00f3n de m\u00e1s de 20.000 ciudadanos y entidades que forman la comunidad Nationale-Nederlanden Plogging Tour. M\u00e1s informaci\u00f3n en <a href=\"http:\/\/www.ploggingtour.com\">www.ploggingtour.com<\/a><\/span><\/p>\n<p><iframe loading=\"lazy\" title=\"BILBAO VIDEO OFICIAL 2023\" width=\"1408\" height=\"792\" src=\"https:\/\/www.youtube.com\/embed\/OqsZthncvkw?feature=oembed\" frameborder=\"0\" allow=\"accelerometer; autoplay; clipboard-write; encrypted-media; gyroscope; picture-in-picture; web-share\" allowfullscreen><\/iframe><\/p>\n<p><span dir=\"ltr\" role=\"presentation\"><br role=\"presentation\" \/><strong>Sobre Plogging<\/strong><br role=\"presentation\" \/>Es una comunidad colaborativa de personas y empresas con prop\u00f3sito pionera en el mundo, accesible para todos los p\u00fablicos y niveles, y que promueve a trav\u00e9s del deporte y de la actividad f\u00edsica al aire libre la salud, la inclusi\u00f3n, la igualdad, la cooperaci\u00f3n y muy especialmente el cuidado del Medio Ambiente y la conservaci\u00f3n del patrimonio natural de los pueblos y ciudades.<\/span><\/p>\n<p><span dir=\"ltr\" role=\"presentation\"><br role=\"presentation\" \/><strong>Sobre Plogging Tour<\/strong><br role=\"presentation\" \/>Plogging Tour, promovido por la Fundaci\u00f3n Blue Life y Eleven con el apoyo del Consejo Superior de Deportes (CSD),<br role=\"presentation\" \/>es la primera gira en Europa que fusiona circuitos de deporte y actividad f\u00edsica al aire libre para todas las edades y<br role=\"presentation\" \/>nivel de condici\u00f3n f\u00edsica, y el cuidado de los espacios naturales, zonas verdes, playas, parques y jardines de nuestros pueblos y ciudades, a trav\u00e9s de la recuperaci\u00f3n de la basura que se encuentra en el entorno.<br role=\"presentation\" \/>Durante las dos primeras ediciones del Nationale-Nederlanden Plogging Tour que se han celebrado en Espa\u00f1a, gracias a la participaci\u00f3n de miles de ciudadanos, cientos de entidades, ayuntamientos y gobiernos auton\u00f3micos, se han recuperado m\u00e1s de 49.000 kilos de basura de espacios naturales y zonas urbanas en ciudades como Teruel, Madrid, M\u00e1laga, Barcelona, Sevilla, Zaragoza, Valencia, Bilbao, Ibiza, La Coru\u00f1a, Menorca y Palma de Mallorca.<\/span><\/p>\n<p><strong><span dir=\"ltr\" role=\"presentation\">Acerca de Nationale<\/span><span dir=\"ltr\" role=\"presentation\">&#8211;<\/span><span dir=\"ltr\" role=\"presentation\">Nederlanden<\/span><\/strong><br role=\"presentation\" \/><span dir=\"ltr\" role=\"presentation\">Nationale<\/span><span dir=\"ltr\" role=\"presentation\">&#8211;<\/span><span dir=\"ltr\" role=\"presentation\">Nederlanden, empresa del Grupo NN, ofrece soluciones de protecci\u00f3n, pensiones y ahorro<\/span> <span dir=\"ltr\" role=\"presentation\">e inversi\u00f3n a<\/span><br role=\"presentation\" \/><span dir=\"ltr\" role=\"presentation\">corto, medio y largo plazo a m\u00e1s de 850 000 clientes en toda Espa\u00f1a. Con un equipo profesional de 600 empleados y <\/span><span dir=\"ltr\" role=\"presentation\">2 000 agentes comerciales, Nationale<\/span><span dir=\"ltr\" role=\"presentation\">&#8211;<\/span><span dir=\"ltr\" role=\"presentation\">Nederlanden est\u00e1 presente en toda Espa\u00f1a a trav\u00e9s de sus 39 oficinas, 167 <\/span><span dir=\"ltr\" role=\"presentation\">Puntos Naranja y<\/span> <span dir=\"ltr\" role=\"presentation\">8 Franquicias para cumplir con el compromiso con sus clientes y prop\u00f3sito de marca \u00abayudar a cuidar <\/span><span dir=\"ltr\" role=\"presentation\">de lo que m\u00e1s importa\u00bb a trav\u00e9s de productos y servicios innovadores y personalizados que aborden sus necesidades <\/span><span dir=\"ltr\" role=\"presentation\">reales. De tal modo que la ambici\u00f3n es \u201cs<\/span><span dir=\"ltr\" role=\"presentation\">er referente en la experiencia del cliente en el mercado de protecci\u00f3n <\/span><span dir=\"ltr\" role=\"presentation\">espa\u00f1ol\u201d.<\/span><\/p>\n","protected":false},"excerpt":{"rendered":"<p class=\"entry-summary\">Vuelve a Euskadi el Nationale&#8211;Nederlanden Plogging Tour, la primera gira en Europa que fusiona deporte, medio ambiente y&hellip;<\/p>\n<div class=\"link-more\"><a href=\"https:\/\/bilbaogazte.bilbao.eus\/es\/2023\/06\/13\/nationale-nederlanden-plogging-tour-el-deporte-tiene-un-papel-clave-en-la-transicion-ecologica-y-en-la-implementacion-de-los-ods-en-euskadi\/\" class=\"more-link\">Continue reading<span class=\"screen-reader-text\"> &ldquo;NATIONALE-NEDERLANDEN PLOGGING TOUR: EL DEPORTE TIENE UN PAPEL CLAVE EN LA TRANSICI\u00d3N ECOL\u00d3GICA Y EN LA IMPLEMENTACI\u00d3N DE LOS ODS EN EUSKADI&rdquo;<\/span>&hellip;<\/a><\/div>","protected":false},"author":79,"featured_media":0,"comment_status":"closed","ping_status":"closed","sticky":false,"template":"","format":"standard","meta":{"_monsterinsights_skip_tracking":false,"_monsterinsights_sitenote_active":false,"_monsterinsights_sitenote_note":"","_monsterinsights_sitenote_category":0,"footnotes":""},"categories":[49],"tags":[],"_links":{"self":[{"href":"https:\/\/bilbaogazte.bilbao.eus\/es\/wp-json\/wp\/v2\/posts\/53632"}],"collection":[{"href":"https:\/\/bilbaogazte.bilbao.eus\/es\/wp-json\/wp\/v2\/posts"}],"about":[{"href":"https:\/\/bilbaogazte.bilbao.eus\/es\/wp-json\/wp\/v2\/types\/post"}],"author":[{"embeddable":true,"href":"https:\/\/bilbaogazte.bilbao.eus\/es\/wp-json\/wp\/v2\/users\/79"}],"replies":[{"embeddable":true,"href":"https:\/\/bilbaogazte.bilbao.eus\/es\/wp-json\/wp\/v2\/comments?post=53632"}],"version-history":[{"count":5,"href":"https:\/\/bilbaogazte.bilbao.eus\/es\/wp-json\/wp\/v2\/posts\/53632\/revisions"}],"predecessor-version":[{"id":53650,"href":"https:\/\/bilbaogazte.bilbao.eus\/es\/wp-json\/wp\/v2\/posts\/53632\/revisions\/53650"}],"wp:attachment":[{"href":"https:\/\/bilbaogazte.bilbao.eus\/es\/wp-json\/wp\/v2\/media?parent=53632"}],"wp:term":[{"taxonomy":"category","embeddable":true,"href":"https:\/\/bilbaogazte.bilbao.eus\/es\/wp-json\/wp\/v2\/categories?post=53632"},{"taxonomy":"post_tag","embeddable":true,"href":"https:\/\/bilbaogazte.bilbao.eus\/es\/wp-json\/wp\/v2\/tags?post=53632"}],"curies":[{"name":"wp","href":"https:\/\/api.w.org\/{rel}","templated":true}]}}