{"id":57586,"date":"2024-05-10T13:26:57","date_gmt":"2024-05-10T11:26:57","guid":{"rendered":"https:\/\/bilbaogazte.bilbao.eus\/es\/?p=57586"},"modified":"2024-05-10T13:32:41","modified_gmt":"2024-05-10T11:32:41","slug":"en-marcha-el-concurso-tiktok-eskubideak-ikasten-sobre-derechos-humanos","status":"publish","type":"post","link":"https:\/\/bilbaogazte.bilbao.eus\/es\/2024\/05\/10\/en-marcha-el-concurso-tiktok-eskubideak-ikasten-sobre-derechos-humanos\/","title":{"rendered":"EN MARCHA EL CONCURSO TIKTOK \u201cESKUBIDEAK IKASTEN\u201d SOBRE DERECHOS HUMANOS"},"content":{"rendered":"<p align=\"JUSTIFY\"><span style=\"font-family: Arial, serif;\">La Fundaci\u00f3n Asmoz de Eusko Ikaskuntza, en colaboraci\u00f3n con UN Etxea, ha puesto en marcha el concurso de divulgaci\u00f3n y sensibilizaci\u00f3n en derechos humanos <\/span><span style=\"font-family: Arial, serif;\"><i>Eskubideak <\/i><\/span><span style=\"font-family: Arial, serif;\"><i>ikasten<\/i><\/span><span style=\"font-family: Arial, serif;\"> en la red social TikTok. Este proyecto cuenta con el apoyo del Gobierno Vasco.<\/span><\/p>\n<p align=\"JUSTIFY\"><span style=\"font-family: Arial, serif;\">El concurso est\u00e1 dirigido a j\u00f3venes de entre 14 y 16 a\u00f1os con el objetivo de reflexionar y actuar sobre los derechos humanos. La participaci\u00f3n consiste en <\/span><span style=\"font-family: Arial, serif;\"><b>crear un video de entre 20 segundos y un minuto<\/b><\/span><span style=\"font-family: Arial, serif;\"> dando respuesta a alguna de las siguientes preguntas: <\/span><span style=\"font-family: Arial, serif;\"><i>\u00bfQu\u00e9 son para ti los derechos humanos? \u00bfEn qu\u00e9 te afectan? \u00bfQu\u00e9 vulneraciones de derechos existen en nuestro entorno m\u00e1s cercano? \u00bfQu\u00e9 podemos hacer para defenderlos?<\/i><\/span><\/p>\n<p><span style=\"font-family: Times New Roman, serif;\"><span style=\"font-size: medium;\"><span style=\"color: #000000;\"><span style=\"font-family: Arial, serif;\"><span style=\"font-size: small;\"><b>\u00bfC\u00d3MO PARTICIPAR?<\/b><\/span><\/span><\/span><\/span><\/span><\/p>\n<p><span style=\"font-family: Times New Roman, serif;\"><span style=\"font-size: medium;\"><span style=\"color: #000000;\"><span style=\"font-family: Arial, serif;\"><span style=\"font-size: small;\">1) Crea un v\u00eddeo de entre <\/span><\/span><\/span><span style=\"color: #000000;\"><span style=\"font-family: Arial, serif;\"><span style=\"font-size: small;\"><b>20 segundos y un minuto<\/b><\/span><\/span><\/span><span style=\"color: #000000;\"><span style=\"font-family: Arial, serif;\"><span style=\"font-size: small;\">\u00a0sobre\u00a0derechos humanos.\u00a0<\/span><\/span><\/span><\/span><\/span><\/p>\n<p align=\"JUSTIFY\"><span style=\"font-family: Times New Roman, serif;\"><span style=\"font-size: medium;\"><span style=\"color: #000000;\"><span style=\"font-family: Arial, serif;\"><span style=\"font-size: small;\">Por ejemplo, en tu v\u00eddeo puedes responder a cualquiera de las preguntas mencionadas previamente: \u00bfQu\u00e9 son para ti los derechos humanos? \u00bfEn qu\u00e9 te afectan? \u00bfQu\u00e9 vulneraciones de derechos ves en nuestro entorno? \u00bfQu\u00e9 podemos hacer para defenderlos?<\/span><\/span><\/span><\/span><\/span><\/p>\n<p><span style=\"font-family: Times New Roman, serif;\"><span style=\"font-size: medium;\"><span style=\"color: #000000;\"><span style=\"font-family: Arial, serif;\"><span style=\"font-size: small;\">2)<b> Comparte<\/b><\/span><\/span><\/span><span style=\"color: #000000;\"><span style=\"font-family: Arial, serif;\"><span style=\"font-size: small;\"> tu v\u00eddeo en TikTok citando la cuenta @<\/span><\/span><\/span><span style=\"color: #000000;\"><span style=\"font-family: Arial, serif;\"><span style=\"font-size: small;\">eskubideak<\/span><\/span><\/span><span style=\"color: #000000;\"><span style=\"font-family: Arial, serif;\"><span style=\"font-size: small;\">ikasten y #<\/span><\/span><\/span><span style=\"color: #000000;\"><span style=\"font-family: Arial, serif;\"><span style=\"font-size: small;\">eskubideak<\/span><\/span><\/span><span style=\"color: #000000;\"><span style=\"font-family: Arial, serif;\"><span style=\"font-size: small;\">ikasten.<\/span><\/span><\/span><\/span><\/span><\/p>\n<p><span style=\"font-family: Times New Roman, serif;\"><span style=\"font-size: medium;\"><span style=\"color: #000000;\"><span style=\"font-family: Arial, serif;\"><span style=\"font-size: small;\">Para inspirarte, puedes ver los v\u00eddeos de la cuenta de TikTok<\/span><\/span><\/span><span style=\"color: #0070c0;\"><span style=\"font-family: Arial, serif;\"><span style=\"font-size: small;\">\u00a0<\/span><\/span><\/span><a href=\"https:\/\/www.tiktok.com\/@eskubideakikasten?utm_source=EAEko+gazteleku_gaztegune_elkarte&amp;utm_campaign=e9a369c82b-EMAIL_CAMPAIGN_2019_09_16_10_19_COPY_07&amp;utm_medium=email&amp;utm_term=0_dcaebd4ae4-e9a369c82b-&amp;mc_cid=e9a369c82b&amp;mc_eid=UNIQID\"><span style=\"color: #0070c0;\"><span style=\"font-family: Arial, serif;\"><span style=\"font-size: small;\"><b>Eskubideak<\/b><\/span><\/span><\/span><span style=\"color: #0070c0;\"><span style=\"font-family: Arial, serif;\"><span style=\"font-size: small;\">\u00a0<\/span><\/span><\/span><span style=\"color: #0070c0;\"><span style=\"font-family: Arial, serif;\"><span style=\"font-size: small;\"><b>Ikasten<\/b><\/span><\/span><\/span><\/a><\/span><\/span><\/p>\n<p><span style=\"font-family: Times New Roman, serif;\"><span style=\"font-size: medium;\"><span style=\"color: #000000;\"><span style=\"font-family: Arial, serif;\"><span style=\"font-size: small;\">3) Rellena <\/span><\/span><\/span><a href=\"https:\/\/eskubideakikasten.asmoz.org\/es\/formulario-de-inscripcion\/?utm_source=EAEko+gazteleku_gaztegune_elkarte&amp;utm_campaign=e9a369c82b-EMAIL_CAMPAIGN_2019_09_16_10_19_COPY_07&amp;utm_medium=email&amp;utm_term=0_dcaebd4ae4-e9a369c82b-&amp;mc_cid=e9a369c82b&amp;mc_eid=UNIQID\"><span style=\"font-family: Arial, serif;\"><span style=\"font-size: small;\">este formulario\u00a0<\/span><\/span><\/a><\/span><\/span><\/p>\n<p><span style=\"font-family: Times New Roman, serif;\"><span style=\"font-size: medium;\"><span style=\"color: #000000;\"><span style=\"font-family: Arial, serif;\"><span style=\"font-size: small;\"><b>REQUISITOS PARA PARTICIPAR<\/b><\/span><\/span><\/span><span style=\"color: #000000;\"><span style=\"font-family: Arial, serif;\"><span style=\"font-size: small;\"><br \/>\n\u2013 Debes tener entre <\/span><\/span><\/span><span style=\"color: #000000;\"><span style=\"font-family: Arial, serif;\"><span style=\"font-size: small;\"><b>14 y 16 a\u00f1os.<br \/>\n<\/b><\/span><\/span><\/span><span style=\"color: #000000;\"><span style=\"font-family: Arial, serif;\"><span style=\"font-size: small;\">\u2013 Tienes que vivir en <\/span><\/span><\/span><span style=\"color: #000000;\"><span style=\"font-family: Arial, serif;\"><span style=\"font-size: small;\"><b>\u00c1lava, Bizkaia o Gipuzkoa<\/b><\/span><\/span><\/span><span style=\"color: #000000;\"><span style=\"font-family: Arial, serif;\"><span style=\"font-size: small;\">.<\/span><\/span><\/span><\/span><\/span><\/p>\n<p><span style=\"font-family: Times New Roman, serif;\"><span style=\"font-size: medium;\"><span style=\"color: #000000;\"><span style=\"font-family: Arial, serif;\"><span style=\"font-size: small;\"><b>FECHA DE ENV\u00cdO\u00a0<\/b><\/span><\/span><\/span><span style=\"color: #000000;\"><span style=\"font-family: Arial, serif;\"><span style=\"font-size: small;\"><br \/>\nLa fecha l\u00edmite para participar es el <\/span><\/span><\/span><span style=\"color: #000000;\"><span style=\"font-family: Arial, serif;\"><span style=\"font-size: small;\"><b>31 de mayo de 2024.<\/b><\/span><\/span><\/span><\/span><\/span><\/p>\n<p><span style=\"font-family: Times New Roman, serif;\"><span style=\"font-size: medium;\"><span style=\"color: #000000;\"><span style=\"font-family: Arial, serif;\"><span style=\"font-size: small;\"><b>CRITERIOS DE EVALUACI\u00d3N<\/b><\/span><\/span><\/span><span style=\"color: #000000;\"><span style=\"font-family: Arial, serif;\"><span style=\"font-size: small;\"><br \/>\nValoraremos la originalidad, capacidad comunicativa y coherencia del v\u00eddeo.<\/span><\/span><\/span><\/span><\/span><\/p>\n<p><span style=\"font-family: Times New Roman, serif;\"><span style=\"font-size: medium;\"><span style=\"color: #000000;\"><span style=\"font-family: Arial, serif;\"><span style=\"font-size: small;\"><b>PREMIO<\/b><\/span><\/span><\/span><span style=\"color: #000000;\"><span style=\"font-family: Arial, serif;\"><span style=\"font-size: small;\"><br \/>\nParticipa en euskera o en castellano y gana un cup\u00f3n de 50 euros para canjearlo en la p\u00e1gina web de la<\/span><\/span><\/span><span style=\"color: #0000ff;\"><span style=\"font-family: Arial, serif;\"><span style=\"font-size: small;\">\u00a0<\/span><\/span><\/span><a href=\"https:\/\/www.txalaparta.eus\/es?gad_source=1&amp;gclid=Cj0KCQjwlN6wBhCcARIsAKZvD5iWOwW5mN4LLM2fhC2j3yqA7gmrZEUWVhQMQRVXQwIHIsqAghqzlTMaAoFBEALw_wcB&amp;utm_source=EAEko+gazteleku_gaztegune_elkarte&amp;utm_campaign=e9a369c82b-EMAIL_CAMPAIGN_2019_09_16_10_19_COPY_07&amp;utm_medium=email&amp;utm_term=0_dcaebd4ae4-e9a369c82b-&amp;mc_cid=e9a369c82b&amp;mc_eid=UNIQID\"><span style=\"font-family: Arial, serif;\"><span style=\"font-size: small;\">Editorial Txalaparta<\/span><\/span><\/a><span style=\"color: #0000ff;\"><span style=\"font-family: Arial, serif;\"><span style=\"font-size: small;\"><u>.<\/u><\/span><\/span><\/span><span style=\"color: #000000;\"><span style=\"font-family: Arial, serif;\"><span style=\"font-size: small;\">Cada ganadora\/ganador en euskera y en castellano, recibir\u00e1 un cup\u00f3n canjeable.<\/span><\/span><\/span><\/span><\/span><\/p>\n<p><img loading=\"lazy\" decoding=\"async\" class=\"alignnone size-medium wp-image-57582\" src=\"http:\/\/bilbaogazte.bilbao.eus\/wp-content\/uploads\/2024\/05\/Banner-antolatzaileak-872x114.jpg\" alt=\"\" width=\"872\" height=\"114\" srcset=\"https:\/\/bilbaogazte.bilbao.eus\/wp-content\/uploads\/2024\/05\/Banner-antolatzaileak-872x114.jpg 872w, https:\/\/bilbaogazte.bilbao.eus\/wp-content\/uploads\/2024\/05\/Banner-antolatzaileak-768x100.jpg 768w, https:\/\/bilbaogazte.bilbao.eus\/wp-content\/uploads\/2024\/05\/Banner-antolatzaileak.jpg 1380w\" sizes=\"(max-width: 872px) 100vw, 872px\" \/><\/p>\n","protected":false},"excerpt":{"rendered":"<p class=\"entry-summary\">La Fundaci\u00f3n Asmoz de Eusko Ikaskuntza, en colaboraci\u00f3n con UN Etxea, ha puesto en marcha el concurso de&hellip;<\/p>\n<div class=\"link-more\"><a href=\"https:\/\/bilbaogazte.bilbao.eus\/es\/2024\/05\/10\/en-marcha-el-concurso-tiktok-eskubideak-ikasten-sobre-derechos-humanos\/\" class=\"more-link\">Continue reading<span class=\"screen-reader-text\"> &ldquo;EN MARCHA EL CONCURSO TIKTOK \u201cESKUBIDEAK IKASTEN\u201d SOBRE DERECHOS HUMANOS&rdquo;<\/span>&hellip;<\/a><\/div>","protected":false},"author":79,"featured_media":0,"comment_status":"closed","ping_status":"closed","sticky":false,"template":"","format":"standard","meta":{"_monsterinsights_skip_tracking":false,"_monsterinsights_sitenote_active":false,"_monsterinsights_sitenote_note":"","_monsterinsights_sitenote_category":0,"footnotes":""},"categories":[49],"tags":[],"_links":{"self":[{"href":"https:\/\/bilbaogazte.bilbao.eus\/es\/wp-json\/wp\/v2\/posts\/57586"}],"collection":[{"href":"https:\/\/bilbaogazte.bilbao.eus\/es\/wp-json\/wp\/v2\/posts"}],"about":[{"href":"https:\/\/bilbaogazte.bilbao.eus\/es\/wp-json\/wp\/v2\/types\/post"}],"author":[{"embeddable":true,"href":"https:\/\/bilbaogazte.bilbao.eus\/es\/wp-json\/wp\/v2\/users\/79"}],"replies":[{"embeddable":true,"href":"https:\/\/bilbaogazte.bilbao.eus\/es\/wp-json\/wp\/v2\/comments?post=57586"}],"version-history":[{"count":3,"href":"https:\/\/bilbaogazte.bilbao.eus\/es\/wp-json\/wp\/v2\/posts\/57586\/revisions"}],"predecessor-version":[{"id":57589,"href":"https:\/\/bilbaogazte.bilbao.eus\/es\/wp-json\/wp\/v2\/posts\/57586\/revisions\/57589"}],"wp:attachment":[{"href":"https:\/\/bilbaogazte.bilbao.eus\/es\/wp-json\/wp\/v2\/media?parent=57586"}],"wp:term":[{"taxonomy":"category","embeddable":true,"href":"https:\/\/bilbaogazte.bilbao.eus\/es\/wp-json\/wp\/v2\/categories?post=57586"},{"taxonomy":"post_tag","embeddable":true,"href":"https:\/\/bilbaogazte.bilbao.eus\/es\/wp-json\/wp\/v2\/tags?post=57586"}],"curies":[{"name":"wp","href":"https:\/\/api.w.org\/{rel}","templated":true}]}}