{"id":60165,"date":"2025-01-08T17:20:11","date_gmt":"2025-01-08T15:20:11","guid":{"rendered":"https:\/\/bilbaogazte.bilbao.eus\/es\/?p=60165"},"modified":"2025-01-08T17:21:20","modified_gmt":"2025-01-08T15:21:20","slug":"ya-esta-en-marcha-el-programa-de-subvenciones-2025-del-ayuntamiento","status":"publish","type":"post","link":"https:\/\/bilbaogazte.bilbao.eus\/es\/2025\/01\/08\/ya-esta-en-marcha-el-programa-de-subvenciones-2025-del-ayuntamiento\/","title":{"rendered":"YA EST\u00c1 EN MARCHA EL PROGRAMA DE SUBVENCIONES 2025 DEL AYUNTAMIENTO"},"content":{"rendered":"<p style=\"font-weight: 400;\">El\u00a0<strong>Ayuntamiento de Bilbao<\/strong>\u00a0<strong>abre hoy<\/strong>,\u00a0<strong>8 de enero<\/strong>,\u00a0<strong>y hasta el 21 de febrero<\/strong>\u00a0de 2025 (ambos inclusive) el plazo de solicitud de subvenciones municipales para el presente ejercicio, que ascienden a\u00a0<strong>3.937.707 euros<\/strong>.<\/p>\n<p style=\"font-weight: 400;\">Este programa de subvenciones supone un\u00a0<strong>importante complemento\u00a0<\/strong>a las\u00a0<strong>actividades<\/strong>\u00a0emprendidas desde las propias \u00c1reas municipales a trav\u00e9s de las\u00a0<strong>entidades sin \u00e1nimo de lucro<\/strong>.<\/p>\n<p style=\"font-weight: 400;\"><strong>Podr\u00e1n acceder<\/strong>\u00a0a estas ayudas las entidades interesadas en desarrollar proyectos de importante retorno social, complementarios con la actividad municipal y que contribuyan al logro de los objetivos previstos por las \u00c1reas del Ayuntamiento en sus diferentes \u00e1mbitos de actuaci\u00f3n: Participaci\u00f3n y Distritos, Cultura, Euskera, Educaci\u00f3n, Inmigraci\u00f3n e Interculturalidad, Fiestas, Igualdad y erradicaci\u00f3n de la violencia de g\u00e9nero, Juventud, Medio Ambiente, Salud y Consumo, y Cooperaci\u00f3n al Desarrollo y Derechos Humanos.<\/p>\n<p style=\"font-weight: 400;\">El plazo para la presentaci\u00f3n de solicitudes comienza\u00a0<strong>HOY MI\u00c9RCOLES, 8 DE ENERO, hasta el 21 de febrero<\/strong>. Las solicitudes podr\u00e1n presentarse de manera\u00a0<strong>online<\/strong>\u00a0a trav\u00e9s de la web municipal\u00a0<a href=\"https:\/\/www.bilbao.eus\/cs\/Satellite?c=BIO_Evento_FA&amp;cid=1279223069981&amp;language=es&amp;pageid=3000094681&amp;pagename=Bilbaonet%2FBIO_Evento_FA%2FBIO_Evento\">www.bilbao.eus<\/a>\u00a0o\u00a0<strong>de manera presencial en el Registro de las Oficinas Municipales de Atenci\u00f3n Ciudadan<\/strong><strong>a<\/strong>, en este caso\u00a0<strong>es necesario cita previa\u00a0<\/strong>que puede o bien solicitarse en las propias Oficinas o en el\u00a0<a href=\"https:\/\/www.bilbao.eus\/aytoonline\/tramitacion\/c\/registrogeneral\/login\">registro electr\u00f3nico municipal<\/a>.<\/p>\n<p style=\"font-weight: 400;\">Para facilitar la tramitaci\u00f3n y\u00a0<strong>resolver posibles dudas<\/strong>, tambi\u00e9n se pueden realizar\u00a0<strong>consultas telef\u00f3nicas\u00a0<\/strong>a trav\u00e9s del 944.010.010 \/<strong>\u00a0010 en horario de\u00a0<\/strong>08:00 a 20:00 horas de lunes a domingo. Adem\u00e1s, en la\u00a0<a href=\"https:\/\/www.bilbao.eus\/cs\/Satellite?c=Page&amp;cid=1279185283698&amp;pagename=Bilbaonet%2FPage%2FBIO_contenidoFinal&amp;language=es\"><strong>web municipal<\/strong><\/a>\u00a0existe una\u00a0<strong>gu\u00eda tutorial<\/strong>\u00a0en formato pdf interactivo para facilitar la tramitaci\u00f3n de las solicitudes. Y con el fin de facilitar la cumplimentaci\u00f3n de impresos y la comprensi\u00f3n de las bases y otros documentos, parte de la documentaci\u00f3n est\u00e1 disponible en formato\u00a0<strong>lectura f\u00e1cil.<\/strong><\/p>\n<p style=\"font-weight: 400;\"><strong>SUBVENCIONES 2025<\/strong><\/p>\n<p style=\"font-weight: 400;\">Los 3.937.707 de euros que el Ayuntamiento de Bilbao destina a las subvenciones del ejercicio 2025 se han distribuido en\u00a0<strong>11 \u00e1mbitos y 24 l\u00edneas de actuaci\u00f3n:<\/strong><\/p>\n<p style=\"font-weight: 400;\"><strong><u>Cooperaci\u00f3n al desarrollo y derechos humanos:<\/u><\/strong><\/p>\n<p style=\"font-weight: 400;\">2.880.407 euros divididos en:<\/p>\n<ul>\n<li>Cooperaci\u00f3n internacional al desarrollo anual: programas dirigidos a proyectos cuyo objetivo principal sea gasto corriente: 688.249 euros.<\/li>\n<li>Cooperaci\u00f3n internacional al desarrollo anual: programas dirigidos a proyectos cuyo objetivo principal sea inversi\u00f3n: 820.000 euros.<\/li>\n<li>Cooperaci\u00f3n internacional al desarrollo plurianuales: programas dirigidos a proyectos cuyo objetivo principal sea gasto corriente: 545.376 euros.<\/li>\n<li>Cooperaci\u00f3n internacional al desarrollo plurianuales: programas dirigidos a proyectos cuyo objetivo principal sea inversi\u00f3n: 600.000 euros.<\/li>\n<li>Sensibilizaci\u00f3n, educaci\u00f3n para la transformaci\u00f3n social y derechos humanos: programa anual: 146.782 euros.<\/li>\n<li>Sensibilizaci\u00f3n, educaci\u00f3n para la transformaci\u00f3n social y derechos humanos: programas bienales: 80.000 euros.<\/li>\n<\/ul>\n<p style=\"font-weight: 400;\"><strong><u>Cultura<\/u><\/strong><\/p>\n<p style=\"font-weight: 400;\">La subvenci\u00f3n total de 129.200 euros ir\u00e1 destinada a favorecer el desarrollo de las actividades culturales.<\/p>\n<p style=\"font-weight: 400;\"><strong><u>Educaci\u00f3n<\/u><\/strong><\/p>\n<p style=\"font-weight: 400;\">Se destinar\u00e1n un total de 250.300 euros para:<\/p>\n<ul>\n<li>Programas de apoyo a la educaci\u00f3n con 140.300 euros.<\/li>\n<li>Apoyo de la nataci\u00f3n escolar con 110.000 euros.<\/li>\n<\/ul>\n<p style=\"font-weight: 400;\"><strong><u>Euskera<\/u><\/strong><\/p>\n<p style=\"font-weight: 400;\">Las subvenciones destinadas al uso del euskera alcanzar\u00e1n los 260.000 euros, divididos en los siguientes conceptos:<\/p>\n<ul>\n<li>Apoyo a programas del mundo escolar con 30.000 euros.<\/li>\n<li>Promoci\u00f3n del uso del euskera con 230.000 euros.<\/li>\n<\/ul>\n<p style=\"font-weight: 400;\"><strong><u>Fiestas<\/u><\/strong><\/p>\n<ul>\n<li>000 euros destinados \u00edntegramente para fiestas de barrios.<\/li>\n<\/ul>\n<p style=\"font-weight: 400;\"><strong><u>Interculturalidad<\/u><\/strong><\/p>\n<p style=\"font-weight: 400;\">40.000 euros destinados a:<\/p>\n<ul>\n<li>Funcionamiento de asociaciones de personas inmigrantes: 15.000 euros.<\/li>\n<li>Programas para la promoci\u00f3n de la interculturalidad y la cohesi\u00f3n social: 25.000 euros.<\/li>\n<\/ul>\n<p style=\"font-weight: 400;\"><strong><u>Juventud<\/u><\/strong><\/p>\n<p style=\"font-weight: 400;\">La subvenci\u00f3n total alcanzar\u00e1 los 50.000 euros, que se desglosan en:<\/p>\n<ul>\n<li>Apoyo a programas y actividades dirigidas a infancia, adolescencia y juventud: 25.000 euros.<\/li>\n<li>Apoyo a acciones vinculadas al\u00a0<em>Plan Bilbao Hiri Gaztea<\/em>: 25.000 euros.<\/li>\n<\/ul>\n<p style=\"font-weight: 400;\"><strong><u>Medio ambiente<\/u><\/strong><\/p>\n<p style=\"font-weight: 400;\">La subvenci\u00f3n total alcanzar\u00e1 los 50.000, que se desglosan en:<\/p>\n<ul>\n<li>Sostenibilidad, movilidad y cambio clim\u00e1tico: 20.000 euros.<\/li>\n<li>Mejora ambiental y social de los corazones de barrio a trav\u00e9s de la agenda escolar 2030: 30.000 euros.<\/li>\n<\/ul>\n<p style=\"font-weight: 400;\"><strong><u>Igualdad y erradicaci\u00f3n de la violencia de g\u00e9nero<\/u><\/strong><\/p>\n<p style=\"font-weight: 400;\">Se destinar\u00e1n un total de 79.000 euros divididos en:<\/p>\n<ul>\n<li>Empoderamiento del movimiento asociativo: 20.000 euros.<\/li>\n<li>Iniciativas para promover la corresponsabilidad: 17.000 euros.<\/li>\n<li>Iniciativas para la prevenci\u00f3n de violencia de g\u00e9nero: 27.000 euros.<\/li>\n<li>Iniciativas para la sensibilizaci\u00f3n sobre la diversidad sexual y de g\u00e9nero y para la prevenci\u00f3n de la violencia contra personas LGTBIQ+: 15.000 euros<\/li>\n<\/ul>\n<p style=\"font-weight: 400;\"><strong><u>Participaci\u00f3n y Distritos<\/u><\/strong><\/p>\n<p style=\"font-weight: 400;\">Se destinar\u00e1 un total de 26.800 euros a favorecer el desarrollo de las asociaciones, as\u00ed como para fomentar la participaci\u00f3n ciudadana.<\/p>\n<p style=\"font-weight: 400;\"><strong><u>Salud y consumo<\/u><\/strong><\/p>\n<ul>\n<li>92000 euros destinados al apoyo a programas de promoci\u00f3n de la salud.<\/li>\n<\/ul>\n","protected":false},"excerpt":{"rendered":"<p class=\"entry-summary\">El\u00a0Ayuntamiento de Bilbao\u00a0abre hoy,\u00a08 de enero,\u00a0y hasta el 21 de febrero\u00a0de 2025 (ambos inclusive) el plazo de solicitud&hellip;<\/p>\n<div class=\"link-more\"><a href=\"https:\/\/bilbaogazte.bilbao.eus\/es\/2025\/01\/08\/ya-esta-en-marcha-el-programa-de-subvenciones-2025-del-ayuntamiento\/\" class=\"more-link\">Continue reading<span class=\"screen-reader-text\"> &ldquo;YA EST\u00c1 EN MARCHA EL PROGRAMA DE SUBVENCIONES 2025 DEL AYUNTAMIENTO&rdquo;<\/span>&hellip;<\/a><\/div>","protected":false},"author":79,"featured_media":0,"comment_status":"closed","ping_status":"closed","sticky":false,"template":"","format":"standard","meta":{"_monsterinsights_skip_tracking":false,"_monsterinsights_sitenote_active":false,"_monsterinsights_sitenote_note":"","_monsterinsights_sitenote_category":0,"footnotes":""},"categories":[49],"tags":[],"_links":{"self":[{"href":"https:\/\/bilbaogazte.bilbao.eus\/es\/wp-json\/wp\/v2\/posts\/60165"}],"collection":[{"href":"https:\/\/bilbaogazte.bilbao.eus\/es\/wp-json\/wp\/v2\/posts"}],"about":[{"href":"https:\/\/bilbaogazte.bilbao.eus\/es\/wp-json\/wp\/v2\/types\/post"}],"author":[{"embeddable":true,"href":"https:\/\/bilbaogazte.bilbao.eus\/es\/wp-json\/wp\/v2\/users\/79"}],"replies":[{"embeddable":true,"href":"https:\/\/bilbaogazte.bilbao.eus\/es\/wp-json\/wp\/v2\/comments?post=60165"}],"version-history":[{"count":2,"href":"https:\/\/bilbaogazte.bilbao.eus\/es\/wp-json\/wp\/v2\/posts\/60165\/revisions"}],"predecessor-version":[{"id":60167,"href":"https:\/\/bilbaogazte.bilbao.eus\/es\/wp-json\/wp\/v2\/posts\/60165\/revisions\/60167"}],"wp:attachment":[{"href":"https:\/\/bilbaogazte.bilbao.eus\/es\/wp-json\/wp\/v2\/media?parent=60165"}],"wp:term":[{"taxonomy":"category","embeddable":true,"href":"https:\/\/bilbaogazte.bilbao.eus\/es\/wp-json\/wp\/v2\/categories?post=60165"},{"taxonomy":"post_tag","embeddable":true,"href":"https:\/\/bilbaogazte.bilbao.eus\/es\/wp-json\/wp\/v2\/tags?post=60165"}],"curies":[{"name":"wp","href":"https:\/\/api.w.org\/{rel}","templated":true}]}}