{"id":67310,"date":"2026-04-28T14:08:31","date_gmt":"2026-04-28T12:08:31","guid":{"rendered":"https:\/\/bilbaogazte.bilbao.eus\/es\/?p=67310"},"modified":"2026-04-28T15:06:25","modified_gmt":"2026-04-28T13:06:25","slug":"el-ayuntamiento-amplia-horarios-y-plazas-de-las-salas-de-estudio-municipales-del-2-al-31-de-mayo","status":"publish","type":"post","link":"https:\/\/bilbaogazte.bilbao.eus\/es\/2026\/04\/28\/el-ayuntamiento-amplia-horarios-y-plazas-de-las-salas-de-estudio-municipales-del-2-al-31-de-mayo\/","title":{"rendered":"EL AYUNTAMIENTO AMPL\u00cdA HORARIOS Y PLAZAS DE LAS SALAS DE ESTUDIO MUNICIPALES DEL 2 AL 31 DE MAYO"},"content":{"rendered":"<ul>\n<li><strong>A las 580 plazas habituales durante el resto del a\u00f1o repartidas en diferentes equipamientos municipales de los ocho distritos bilbainos se suman 208 los s\u00e1bados y 288 los domingos.<\/strong><\/li>\n<li><strong>El refuerzo responde al inicio de la temporada de ex\u00e1menes de verano. <\/strong><\/li>\n<\/ul>\n<p>El <strong>Ayuntamiento de Bilbao ampl\u00eda horarios y plazas <\/strong>de las <strong>salas de estudio municipales <\/strong>durante los fines de semana <strong>a partir de este s\u00e1bado, 2 de mayo, y hasta el 31 de mayo. <\/strong>El refuerzo tiene como objetivo <strong>satisfacer las necesidades de las y los estudiantes <\/strong>durante la \u00e9poca de ex\u00e1menes.<\/p>\n<p>Los horarios y plazas ampliadas, un total de 208 los s\u00e1bados y 288 los domingos, se habilitar\u00e1n los s\u00e1bados y domingos en los Centros Municipales de Distrito de Deustu, Otxarkoaga y Santutxu, en la Biblioteca de Bidebarrieta, en el polideportivo de Txurdinaga y en La Perrera y vienen a complementar las 580 habituales durante el resto del a\u00f1o repartidas en diferentes equipamientos municipales de los ocho distritos bilbainos.<\/p>\n<p>Puede consultarse <strong>toda la informaci\u00f3n <\/strong>de las salas de estudio municipales en: <a href=\"https:\/\/bilbaogazte.bilbao.eus\/es\/espacios\/salas-de-estudio\/\"><strong>https:\/\/bilbaogazte.bilbao.eus\/es\/espacios\/salas-de-estudio\/<\/strong><\/a><\/p>\n","protected":false},"excerpt":{"rendered":"<p class=\"entry-summary\">A las 580 plazas habituales durante el resto del a\u00f1o repartidas en diferentes equipamientos municipales de los ocho&hellip;<\/p>\n<div class=\"link-more\"><a href=\"https:\/\/bilbaogazte.bilbao.eus\/es\/2026\/04\/28\/el-ayuntamiento-amplia-horarios-y-plazas-de-las-salas-de-estudio-municipales-del-2-al-31-de-mayo\/\" class=\"more-link\">Continue reading<span class=\"screen-reader-text\"> &ldquo;EL AYUNTAMIENTO AMPL\u00cdA HORARIOS Y PLAZAS DE LAS SALAS DE ESTUDIO MUNICIPALES DEL 2 AL 31 DE MAYO&rdquo;<\/span>&hellip;<\/a><\/div>","protected":false},"author":84,"featured_media":0,"comment_status":"closed","ping_status":"closed","sticky":false,"template":"","format":"standard","meta":{"_monsterinsights_skip_tracking":false,"_monsterinsights_sitenote_active":false,"_monsterinsights_sitenote_note":"","_monsterinsights_sitenote_category":0,"footnotes":""},"categories":[51],"tags":[],"_links":{"self":[{"href":"https:\/\/bilbaogazte.bilbao.eus\/es\/wp-json\/wp\/v2\/posts\/67310"}],"collection":[{"href":"https:\/\/bilbaogazte.bilbao.eus\/es\/wp-json\/wp\/v2\/posts"}],"about":[{"href":"https:\/\/bilbaogazte.bilbao.eus\/es\/wp-json\/wp\/v2\/types\/post"}],"author":[{"embeddable":true,"href":"https:\/\/bilbaogazte.bilbao.eus\/es\/wp-json\/wp\/v2\/users\/84"}],"replies":[{"embeddable":true,"href":"https:\/\/bilbaogazte.bilbao.eus\/es\/wp-json\/wp\/v2\/comments?post=67310"}],"version-history":[{"count":2,"href":"https:\/\/bilbaogazte.bilbao.eus\/es\/wp-json\/wp\/v2\/posts\/67310\/revisions"}],"predecessor-version":[{"id":67329,"href":"https:\/\/bilbaogazte.bilbao.eus\/es\/wp-json\/wp\/v2\/posts\/67310\/revisions\/67329"}],"wp:attachment":[{"href":"https:\/\/bilbaogazte.bilbao.eus\/es\/wp-json\/wp\/v2\/media?parent=67310"}],"wp:term":[{"taxonomy":"category","embeddable":true,"href":"https:\/\/bilbaogazte.bilbao.eus\/es\/wp-json\/wp\/v2\/categories?post=67310"},{"taxonomy":"post_tag","embeddable":true,"href":"https:\/\/bilbaogazte.bilbao.eus\/es\/wp-json\/wp\/v2\/tags?post=67310"}],"curies":[{"name":"wp","href":"https:\/\/api.w.org\/{rel}","templated":true}]}}