{"id":67318,"date":"2026-04-28T15:04:54","date_gmt":"2026-04-28T13:04:54","guid":{"rendered":"https:\/\/bilbaogazte.bilbao.eus\/es\/?p=67318"},"modified":"2026-04-28T15:04:54","modified_gmt":"2026-04-28T13:04:54","slug":"arranca-la-iii-edicion-de-green-glam-la-convocatoria-del-ayuntamiento-de-bilbao-de-konekta-ideiak-sobre-moda-sostenible","status":"publish","type":"post","link":"https:\/\/bilbaogazte.bilbao.eus\/es\/2026\/04\/28\/arranca-la-iii-edicion-de-green-glam-la-convocatoria-del-ayuntamiento-de-bilbao-de-konekta-ideiak-sobre-moda-sostenible\/","title":{"rendered":"ARRANCA LA III EDICI\u00d3N DE GREEN GLAM, LA CONVOCATORIA DEL AYUNTAMIENTO DE BILBAO DE KONEKTA IDEIAK SOBRE MODA SOSTENIBLE"},"content":{"rendered":"<ul>\n<li><strong>El plazo de presentaci\u00f3n de proyectos se extiende hasta el 28 de mayo, proyectos que tienen como objetivo impulsar iniciativas, fomentar el esp\u00edritu emprendedor en el contexto de la moda sostenible y respaldar el desarrollo de procesos creativos entre j\u00f3venes de 18 a 35 a\u00f1os.<\/strong><\/li>\n<li><strong>Tres artistas tomar\u00e1n parte en el Talk &amp; Show\u00a0con entrada libre que se celebrar\u00e1 el 28 de abril a las 19:00 horas en La Perrera.<\/strong><\/li>\n<\/ul>\n<p>El\u00a0<strong>Ayuntamiento de Bilbao<\/strong>\u00a0pone en marcha la\u00a0<strong>tercera edici\u00f3n<\/strong>\u00a0del programa\u00a0<strong><em>Green Glam\u2013Moda Sostenible\u00a0<\/em><\/strong>que dar\u00e1\u00a0<strong>inicio<\/strong>\u00a0<strong>con un Talk &amp; Show\u00a0<\/strong>de 3 artistas bajo la coordinaci\u00f3n y desarrollo de\u00a0<a href=\"https:\/\/www.estudiobokashi.com\/\"><strong>Bokashi\u00a0<\/strong><\/a><strong>el 28 de abril a las 19:00 horas en La Perrera<\/strong>\u00a0<strong>y con una nueva convocatoria de proyectos<\/strong>\u00a0dirigida a j\u00f3venes de Bilbao de\u00a0<strong>entre 18 y 35 a\u00f1os.<\/strong><\/p>\n<p><strong><em>Green Glam<\/em><\/strong>\u00a0se enmarca en el programa municipal\u00a0<strong><em>Konekta Ideiak<\/em><\/strong>\u00a0dirigido a personas j\u00f3venes de Bilbao que se encuentren dentro de esa franja de edad y que act\u00faa en clave de\u00a0<strong>laboratorio de innovaci\u00f3n ciudadana y emprendimiento<\/strong>\u00a0<strong>social en torno a<\/strong>\u00a0<strong>los ODS de la Agenda 2030.\u00a0<\/strong>Los\u00a0<strong>objetivos<\/strong>\u00a0de esta nueva convocatoria buscan impulsar el desarrollo de iniciativas y\u00a0<strong>fomentar el esp\u00edritu emprendedor<\/strong>\u00a0en el contexto de la\u00a0<strong>moda sostenible<\/strong>, adem\u00e1s de respaldar el\u00a0<strong>desarrollo de procesos creativos.<\/strong><\/p>\n<p><strong>El\u00a0Talk &amp; Show\u00a0del 28 de abril en La Perrera<\/strong>\u00a0ser\u00e1 una experiencia innovadora, participativa e inmersiva. El formato ser\u00e1 cercano y din\u00e1mico, pensado para generar una conversaci\u00f3n abierta en torno a cuestiones clave del sector: la importancia del textil en el arte contempor\u00e1neo, el textil como lenguaje cultural e identitario, la reutilizaci\u00f3n y el\u00a0<em>upcycling<\/em>\u00a0como nuevo paradigma creativo y c\u00f3mo la sostenibilidad est\u00e1 redefiniendo los procesos de dise\u00f1o y producci\u00f3n.<\/p>\n<p><strong>Contar\u00e1 con la participaci\u00f3n de\u00a0<\/strong><a href=\"https:\/\/www.instagram.com\/rutolabarri\/\"><strong>Rut Olabarri<\/strong><\/a><strong>\u00a0y\u00a0<\/strong><a href=\"https:\/\/www.instagram.com\/maider.aldasoro\/\"><strong>Maider Aldasoro<\/strong><\/a>, dos referentes del sector textil con destacada presencia en Bilbao. Ambas compartir\u00e1n visiones complementarias sobre el ecosistema textil contempor\u00e1neo a trav\u00e9s de la investigaci\u00f3n material, la pr\u00e1ctica art\u00edstica, la sostenibilidad y su conexi\u00f3n con las nuevas generaciones creativas. Adem\u00e1s, intervendr\u00e1\u00a0<a href=\"https:\/\/www.instagram.com\/anti.anzola\/\"><strong>Jaione Anzola<\/strong><\/a>, una de las ganadoras de la \u00faltima edici\u00f3n del programa, para compartir su experiencia en el proyecto.\u00a0<strong>Como cierre<\/strong>, la sesi\u00f3n culminar\u00e1 con una\u00a0<strong>actividad colectiva en formato performativo:<\/strong>\u00a0todas las personas asistentes estar\u00e1n invitadas a participar en la creaci\u00f3n de una pieza textil colaborativa; convirtiendo el evento en una experiencia compartida, viva y creativa.<\/p>\n<p>Por \u00faltimo,\u00a0<strong>ese mismo d\u00eda, se lanzar\u00e1 una\u00a0convocatoria abierta\u00a0para proyectos que trabajen en el \u00e1mbito de la moda sostenible dirigida a j\u00f3venes de entre 18 y 35<\/strong>\u00a0<strong>a\u00f1os<\/strong>\u00a0residentes en Bilbao o que tengan alguna vinculaci\u00f3n con la ciudad. El\u00a0<strong>plazo de presentaci\u00f3n de proyectos ser\u00e1\u00a0del 28 de abril al 28 de mayo<\/strong>, a trav\u00e9s de un formulario disponible en la web de BilbaoGazte y que deber\u00e1 enviarse a\u00a0<a href=\"mailto:gazteria@bilbao.eus\"><strong>gazteria@bilbao.eus<\/strong><\/a>. El Jurado seleccionar\u00e1 un proyecto entre los presentados. La iniciativa seleccionada contar\u00e1 con un acompa\u00f1amiento individualizado por las profesionales de Estudio Bokashi, recibir\u00e1n tambi\u00e9n formaci\u00f3n especializada impartida por profesionales del sector y se les pondr\u00e1 en contacto con profesionales del sector. Adem\u00e1s, el Ayuntamiento de Bilbao destinar\u00e1 hasta un m\u00e1ximo de 2.500 euros al proyecto para el desarrollo de la iniciativa (para actividades y materiales, entre otros), as\u00ed como 500 euros en concepto de compensaci\u00f3n por la participaci\u00f3n para la persona responsable del proyecto.<\/p>\n<p><strong>Toda la informaci\u00f3n<\/strong>\u00a0y el formulario est\u00e1n disponibles en\u00a0<a href=\"https:\/\/bilbaogazte.bilbao.eus\/es\/greenglam\/\"><strong>https:\/\/bilbaogazte.bilbao.eus\/es\/greenglam\/<\/strong><\/a><strong>\u00a0<\/strong><\/p>\n<p><strong>\u00a0<\/strong><\/p>\n<p><strong> <img loading=\"lazy\" decoding=\"async\" class=\"size-full wp-image-67323 aligncenter\" src=\"http:\/\/bilbaogazte.bilbao.eus\/wp-content\/uploads\/2026\/04\/Green-Glam-2026_cartel_weeb.jpg\" alt=\"Cartel Green Glam\" width=\"600\" height=\"849\" \/><\/strong><\/p>\n","protected":false},"excerpt":{"rendered":"<p class=\"entry-summary\">El plazo de presentaci\u00f3n de proyectos se extiende hasta el 28 de mayo, proyectos que tienen como objetivo&hellip;<\/p>\n<div class=\"link-more\"><a href=\"https:\/\/bilbaogazte.bilbao.eus\/es\/2026\/04\/28\/arranca-la-iii-edicion-de-green-glam-la-convocatoria-del-ayuntamiento-de-bilbao-de-konekta-ideiak-sobre-moda-sostenible\/\" class=\"more-link\">Continue reading<span class=\"screen-reader-text\"> &ldquo;ARRANCA LA III EDICI\u00d3N DE GREEN GLAM, LA CONVOCATORIA DEL AYUNTAMIENTO DE BILBAO DE KONEKTA IDEIAK SOBRE MODA SOSTENIBLE&rdquo;<\/span>&hellip;<\/a><\/div>","protected":false},"author":84,"featured_media":0,"comment_status":"closed","ping_status":"closed","sticky":false,"template":"","format":"standard","meta":{"_monsterinsights_skip_tracking":false,"_monsterinsights_sitenote_active":false,"_monsterinsights_sitenote_note":"","_monsterinsights_sitenote_category":0,"footnotes":""},"categories":[49],"tags":[],"_links":{"self":[{"href":"https:\/\/bilbaogazte.bilbao.eus\/es\/wp-json\/wp\/v2\/posts\/67318"}],"collection":[{"href":"https:\/\/bilbaogazte.bilbao.eus\/es\/wp-json\/wp\/v2\/posts"}],"about":[{"href":"https:\/\/bilbaogazte.bilbao.eus\/es\/wp-json\/wp\/v2\/types\/post"}],"author":[{"embeddable":true,"href":"https:\/\/bilbaogazte.bilbao.eus\/es\/wp-json\/wp\/v2\/users\/84"}],"replies":[{"embeddable":true,"href":"https:\/\/bilbaogazte.bilbao.eus\/es\/wp-json\/wp\/v2\/comments?post=67318"}],"version-history":[{"count":3,"href":"https:\/\/bilbaogazte.bilbao.eus\/es\/wp-json\/wp\/v2\/posts\/67318\/revisions"}],"predecessor-version":[{"id":67327,"href":"https:\/\/bilbaogazte.bilbao.eus\/es\/wp-json\/wp\/v2\/posts\/67318\/revisions\/67327"}],"wp:attachment":[{"href":"https:\/\/bilbaogazte.bilbao.eus\/es\/wp-json\/wp\/v2\/media?parent=67318"}],"wp:term":[{"taxonomy":"category","embeddable":true,"href":"https:\/\/bilbaogazte.bilbao.eus\/es\/wp-json\/wp\/v2\/categories?post=67318"},{"taxonomy":"post_tag","embeddable":true,"href":"https:\/\/bilbaogazte.bilbao.eus\/es\/wp-json\/wp\/v2\/tags?post=67318"}],"curies":[{"name":"wp","href":"https:\/\/api.w.org\/{rel}","templated":true}]}}